{"id":767,"date":"2021-12-30T21:09:02","date_gmt":"2021-12-30T19:09:02","guid":{"rendered":"https:\/\/economiasbioregionales.org\/?p=767"},"modified":"2022-08-08T17:04:42","modified_gmt":"2022-08-08T15:04:42","slug":"la-escuela-itinera","status":"publish","type":"post","link":"https:\/\/economiasbioregionales.org\/en\/la-escuela-itinera\/","title":{"rendered":"ITINERA: ESCUELA PARA LA NUEVA RURALIDAD AGROECOL\u00d3GICA"},"content":{"rendered":"<p>El Grupo Operativo de la Comunidad de Madrid, impulsado por la <a href=\"https:\/\/www.tierrasagroecologicas.es\/asociacion-red-terrae\/\">Red TERRAE<\/a> de municipios agroecol\u00f3gicos, financiada por <a href=\"http:\/\/www.comunidad.madrid\/servicios\/medio-rural\/investigacion-agraria\" target=\"_blank\" rel=\"noopener noreferrer\">IMIDRA<\/a> dentro de la medida de grupos operativos y cooperaci\u00f3n del PDR de Madrid 2014-2020. Participan como socios los Grupos de Acci\u00f3n Local de la Comunidad de Madrid:<a href=\"http:\/\/www.aracove.com\/\" target=\"_blank\" rel=\"noopener noreferrer\"> ARACOVE<\/a>, <a href=\"https:\/\/www.galsinma.org\/\" target=\"_blank\" rel=\"noopener noreferrer\">GALSINMA<\/a> y <a href=\"http:\/\/www.sierraoeste.org\/\" target=\"_blank\" rel=\"noopener noreferrer\">ADI Sierra Oeste<\/a>, la Asociaci\u00f3n Unida de Productores Agroecol\u00f3gicos (<a href=\"https:\/\/blogaupa.wordpress.com\/\" target=\"_blank\" rel=\"noopener noreferrer\">AUPA<\/a>), el sindicato agrario <a href=\"http:\/\/www.upamadrid.es\/\" target=\"_blank\" rel=\"noopener noreferrer\">UPA Madrid <\/a>y la <a href=\"http:\/\/www.uam.es\" target=\"_blank\" rel=\"noopener noreferrer\">Universidad Aut\u00f3noma de Madrid.<\/a><\/p>\n<p>El proyecto consiste en el desarrollo de una escuela itinerante de agroecolog\u00eda para formar y asentar nuevos agricultores y ganaderos, de origen fundamentalmente urbano, en municipios rurales interesados en acoger poblaci\u00f3n y poner en aprovechamiento sus terrenos y recursos infrautilizados. De 2019 a 2021 se est\u00e1n realizando tres ediciones de la escuela itinerante en municipios rurales de la Comunidad de Madrid.<\/p>\n<p><a href=\"https:\/\/economiasbioregionales.org\/wp-content\/uploads\/2021\/12\/Venta-de-productos-IMG_20190831_131922417-1-scaled.jpg\"><img loading=\"lazy\" decoding=\"async\" class=\"wp-image-776 size-large aligncenter\" src=\"https:\/\/economiasbioregionales.org\/wp-content\/uploads\/2021\/12\/Venta-de-productos-IMG_20190831_131922417-1-scaled-1024x768.jpg\" alt=\"\" width=\"750\" height=\"563\" srcset=\"https:\/\/economiasbioregionales.org\/wp-content\/uploads\/2021\/12\/Venta-de-productos-IMG_20190831_131922417-1-scaled-1024x768.jpg 1024w, https:\/\/economiasbioregionales.org\/wp-content\/uploads\/2021\/12\/Venta-de-productos-IMG_20190831_131922417-1-scaled-300x225.jpg 300w, https:\/\/economiasbioregionales.org\/wp-content\/uploads\/2021\/12\/Venta-de-productos-IMG_20190831_131922417-1-scaled-768x576.jpg 768w, https:\/\/economiasbioregionales.org\/wp-content\/uploads\/2021\/12\/Venta-de-productos-IMG_20190831_131922417-1-scaled-640x480.jpg 640w\" sizes=\"(max-width: 750px) 100vw, 750px\" \/><\/a>La escuela ItiNera tiene como objetivos asentar nueva poblaci\u00f3n rural y ensayar una metodolog\u00eda pedag\u00f3gica flexible y muy participativa, trabajando con las personas \u201cagricultas\u201d, mayores de la localidad garantes de la memoria agraria y cultural local. Basa su contenido en un dise\u00f1o agroecol\u00f3gico previo adaptado al paisaje y actividad agraria tradicional de cada municipio. El emprendimiento agroecol\u00f3gico se ensaya integrando producci\u00f3n y comercializaci\u00f3n para concretar iniciativas agroecol\u00f3gicas viables que permitan el asentamiento en zonas rurales. Se plantea un periodo de formaci\u00f3n muy pr\u00e1ctica de 6 a 9 meses, con margen de autonom\u00eda y emprendimiento personal, como una oportunidad para que personas con vocaci\u00f3n agroecol\u00f3gica puedan asentarse en tierras disponibles en los municipios de acogida.<\/p>\n<p>La escuela va cambiando de municipio cada a\u00f1o y edici\u00f3n, busca repoblar y aumentar la poblaci\u00f3n activa agraria en el medio rural, utilizando al medio urbano como veh\u00edculo de salida, y aumentar la oferta de alimentos agroecol\u00f3gicos y de proximidad que demandan los nuevos perfiles de consumidores.<\/p>\n<h5>Una escuela de otro tipo<\/h5>\n<p>En la Escuela It\u00edNERA de emprendimiento agroecol\u00f3gico se quiere transmitir, formar y transformar en los principios y valores de la agroecolog\u00eda.<\/p>\n<p>Se trabaja con un enfoque hol\u00edstico y relacional de las materias, desarrollando un aprendizaje multidisciplinar.\u00a0 En cada una de las ediciones se realiza una adaptaci\u00f3n espec\u00edfica a las condiciones de la finca y se fijan los contenidos a desarrollar junto con el reparto de las horas de dedicaci\u00f3n en funci\u00f3n del grupo de participantes.<\/p>\n<p>La escuela ofrece una dedicaci\u00f3n de 520 horas te\u00f3rico pr\u00e1cticas distribuidas entre los periodos de trabajo pr\u00e1ctico en la tierra, horas de formaci\u00f3n con expertos en seminarios y talleres, investigaci\u00f3n-acci\u00f3n con las personas \u201cagricultas\u201d, horas de coordinaci\u00f3n, mediaci\u00f3n y asesoramiento grupal e individual y el tiempo de autoaprendizaje. El programa se plantea con una dedicaci\u00f3n de 2 d\u00edas por semana con actividades pr\u00e1cticas en el terreno agroganadero, adem\u00e1s de un encuentro semanal de coordinaci\u00f3n y los seminarios de formaci\u00f3n (1 d\u00eda adicional cada quincena).<\/p>\n<p>Adem\u00e1s del trabajo en la finca, la escuela it\u00ednera organiza visita a otras experiencias para generar intercambio de experiencias con otros emprendimientos cercanos de la regi\u00f3n<\/p>\n<p><a href=\"https:\/\/economiasbioregionales.org\/wp-content\/uploads\/2021\/12\/dilas-plus-en-El-Boalo-2020-02-23-at-08.13.30-1.jpg\"><img loading=\"lazy\" decoding=\"async\" class=\"wp-image-796 size-large aligncenter\" src=\"https:\/\/economiasbioregionales.org\/wp-content\/uploads\/2021\/12\/dilas-plus-en-El-Boalo-2020-02-23-at-08.13.30-1-1024x639.jpg\" alt=\"\" width=\"750\" height=\"468\" srcset=\"https:\/\/economiasbioregionales.org\/wp-content\/uploads\/2021\/12\/dilas-plus-en-El-Boalo-2020-02-23-at-08.13.30-1-1024x639.jpg 1024w, https:\/\/economiasbioregionales.org\/wp-content\/uploads\/2021\/12\/dilas-plus-en-El-Boalo-2020-02-23-at-08.13.30-1-300x187.jpg 300w, https:\/\/economiasbioregionales.org\/wp-content\/uploads\/2021\/12\/dilas-plus-en-El-Boalo-2020-02-23-at-08.13.30-1-768x479.jpg 768w, https:\/\/economiasbioregionales.org\/wp-content\/uploads\/2021\/12\/dilas-plus-en-El-Boalo-2020-02-23-at-08.13.30-1-640x399.jpg 640w, https:\/\/economiasbioregionales.org\/wp-content\/uploads\/2021\/12\/dilas-plus-en-El-Boalo-2020-02-23-at-08.13.30-1.jpg 1600w\" sizes=\"(max-width: 750px) 100vw, 750px\" \/><\/a><\/p>\n<h5>La comunidad de conocimiento agroecol\u00f3gico<\/h5>\n<p>Es un punto de encuentro, de consulta e intercambio, que favorece el debate y transferencia de saberes y pr\u00e1cticas. Se trata de compartir informaci\u00f3n, experiencias, herramientas, opiniones, recursos\u2026 relacionados con la pr\u00e1ctica de la agroecolog\u00eda. Tanto para iniciarse en una huerta de ocio o para el autoconsumo, como el acompa\u00f1amiento o tutor\u00eda de iniciativas que quieran vender en circuitos cortos de comercializaci\u00f3n o venta directa de sus productos.<\/p>\n<p><strong>Mentores.<\/strong> Aquellas personas que quieran participar como formadores interesados en compartir sus conocimientos y acompa\u00f1ar a estos grupos de formaci\u00f3n agroecol\u00f3gica, para ello deben dejarnos sus referencias en el formulario de registro.<br \/>\n<strong>Interesados.\u00a0<\/strong>Aquellas personas interesadas en aportar y recibir informaci\u00f3n en general sin participar directamente en la escuela ItiNERA.<\/p>\n<pre><strong>&gt; Puedes ver el reportaje que realiz\u00f3 el programa de TV2 'La Aventura del saber' <a href=\"https:\/\/www.rtve.es\/play\/videos\/la-aventura-del-saber\/aventura-del-saber-escuela-red-itinera\/5927636\/\">aqu\u00ed<\/a><\/strong><\/pre>\n<pre><strong>&gt; Puedes consultar el informe de resultados del cuestionario inicial <a href=\"https:\/\/economiasbioregionales.org\/wp-content\/uploads\/2021\/12\/informe-cuestionarios-ITINERA-15-abril-2019.pdf\">aqu\u00ed\r\n\r\n<\/a><\/strong><\/pre>","protected":false},"excerpt":{"rendered":"<p>El Grupo Operativo de la Comunidad de Madrid, impulsado por la Red TERRAE de municipios agroecol\u00f3gicos, financiada por IMIDRA dentro de la medida de grupos operativos y cooperaci\u00f3n del PDR de Madrid 2014-2020. Participan como socios los Grupos de Acci\u00f3n Local de la Comunidad de Madrid: ARACOVE, GALSINMA y ADI Sierra Oeste, la Asociaci\u00f3n Unida [&hellip;]<\/p>","protected":false},"author":2,"featured_media":795,"comment_status":"closed","ping_status":"open","sticky":false,"template":"","format":"standard","meta":{"_et_pb_use_builder":"","_et_pb_old_content":"","_et_gb_content_width":"","footnotes":""},"categories":[10,11,9],"tags":[],"class_list":["post-767","post","type-post","status-publish","format-standard","has-post-thumbnail","hentry","category-blog","category-formacion","category-proyectos"],"yoast_head":"<!-- This site is optimized with the Yoast SEO plugin v24.5 - https:\/\/yoast.com\/wordpress\/plugins\/seo\/ -->\n<title>ITINERA: ESCUELA PARA LA NUEVA RURALIDAD AGROECOL\u00d3GICA - Econom\u00edas BioRegionales<\/title>\n<meta name=\"robots\" content=\"index, follow, max-snippet:-1, max-image-preview:large, max-video-preview:-1\" \/>\n<link rel=\"canonical\" href=\"https:\/\/economiasbioregionales.org\/en\/la-escuela-itinera\/\" \/>\n<meta property=\"og:locale\" content=\"en_GB\" \/>\n<meta property=\"og:type\" content=\"article\" \/>\n<meta property=\"og:title\" content=\"ITINERA: ESCUELA PARA LA NUEVA RURALIDAD AGROECOL\u00d3GICA - Econom\u00edas BioRegionales\" \/>\n<meta property=\"og:description\" content=\"El Grupo Operativo de la Comunidad de Madrid, impulsado por la Red TERRAE de municipios agroecol\u00f3gicos, financiada por IMIDRA dentro de la medida de grupos operativos y cooperaci\u00f3n del PDR de Madrid 2014-2020. Participan como socios los Grupos de Acci\u00f3n Local de la Comunidad de Madrid: ARACOVE, GALSINMA y ADI Sierra Oeste, la Asociaci\u00f3n Unida [&hellip;]\" \/>\n<meta property=\"og:url\" content=\"https:\/\/economiasbioregionales.org\/en\/la-escuela-itinera\/\" \/>\n<meta property=\"og:site_name\" content=\"Econom\u00edas BioRegionales\" \/>\n<meta property=\"article:publisher\" content=\"https:\/\/www.facebook.com\/EconomiasBioRegionales\/\" \/>\n<meta property=\"article:published_time\" content=\"2021-12-30T19:09:02+00:00\" \/>\n<meta property=\"article:modified_time\" content=\"2022-08-08T15:04:42+00:00\" \/>\n<meta property=\"og:image\" content=\"https:\/\/economiasbioregionales.org\/wp-content\/uploads\/2021\/12\/Venta-de-productos-IMG_20190831_131922417-1-scaled-1.jpg\" \/>\n\t<meta property=\"og:image:width\" content=\"2560\" \/>\n\t<meta property=\"og:image:height\" content=\"1920\" \/>\n\t<meta property=\"og:image:type\" content=\"image\/jpeg\" \/>\n<meta name=\"author\" content=\"bioregional\" \/>\n<meta name=\"twitter:card\" content=\"summary_large_image\" \/>\n<meta name=\"twitter:creator\" content=\"@E_BioReg\" \/>\n<meta name=\"twitter:site\" content=\"@E_BioReg\" \/>\n<meta name=\"twitter:label1\" content=\"Written by\" \/>\n\t<meta name=\"twitter:data1\" content=\"bioregional\" \/>\n\t<meta name=\"twitter:label2\" content=\"Estimated reading time\" \/>\n\t<meta name=\"twitter:data2\" content=\"3 minutes\" \/>\n<script type=\"application\/ld+json\" class=\"yoast-schema-graph\">{\"@context\":\"https:\/\/schema.org\",\"@graph\":[{\"@type\":\"Article\",\"@id\":\"https:\/\/economiasbioregionales.org\/la-escuela-itinera\/#article\",\"isPartOf\":{\"@id\":\"https:\/\/economiasbioregionales.org\/la-escuela-itinera\/\"},\"author\":{\"name\":\"bioregional\",\"@id\":\"https:\/\/economiasbioregionales.org\/#\/schema\/person\/e69d2d9cd485096b833832c9eb2bb644\"},\"headline\":\"ITINERA: ESCUELA PARA LA NUEVA RURALIDAD AGROECOL\u00d3GICA\",\"datePublished\":\"2021-12-30T19:09:02+00:00\",\"dateModified\":\"2022-08-08T15:04:42+00:00\",\"mainEntityOfPage\":{\"@id\":\"https:\/\/economiasbioregionales.org\/la-escuela-itinera\/\"},\"wordCount\":673,\"publisher\":{\"@id\":\"https:\/\/economiasbioregionales.org\/#organization\"},\"image\":{\"@id\":\"https:\/\/economiasbioregionales.org\/la-escuela-itinera\/#primaryimage\"},\"thumbnailUrl\":\"https:\/\/economiasbioregionales.org\/wp-content\/uploads\/2021\/12\/Venta-de-productos-IMG_20190831_131922417-1-scaled-1.jpg\",\"articleSection\":[\"BLOG\",\"FORMACION\",\"PROYECTOS\"],\"inLanguage\":\"en-GB\"},{\"@type\":\"WebPage\",\"@id\":\"https:\/\/economiasbioregionales.org\/la-escuela-itinera\/\",\"url\":\"https:\/\/economiasbioregionales.org\/la-escuela-itinera\/\",\"name\":\"ITINERA: ESCUELA PARA LA NUEVA RURALIDAD AGROECOL\u00d3GICA - Econom\u00edas BioRegionales\",\"isPartOf\":{\"@id\":\"https:\/\/economiasbioregionales.org\/#website\"},\"primaryImageOfPage\":{\"@id\":\"https:\/\/economiasbioregionales.org\/la-escuela-itinera\/#primaryimage\"},\"image\":{\"@id\":\"https:\/\/economiasbioregionales.org\/la-escuela-itinera\/#primaryimage\"},\"thumbnailUrl\":\"https:\/\/economiasbioregionales.org\/wp-content\/uploads\/2021\/12\/Venta-de-productos-IMG_20190831_131922417-1-scaled-1.jpg\",\"datePublished\":\"2021-12-30T19:09:02+00:00\",\"dateModified\":\"2022-08-08T15:04:42+00:00\",\"breadcrumb\":{\"@id\":\"https:\/\/economiasbioregionales.org\/la-escuela-itinera\/#breadcrumb\"},\"inLanguage\":\"en-GB\",\"potentialAction\":[{\"@type\":\"ReadAction\",\"target\":[\"https:\/\/economiasbioregionales.org\/la-escuela-itinera\/\"]}]},{\"@type\":\"ImageObject\",\"inLanguage\":\"en-GB\",\"@id\":\"https:\/\/economiasbioregionales.org\/la-escuela-itinera\/#primaryimage\",\"url\":\"https:\/\/economiasbioregionales.org\/wp-content\/uploads\/2021\/12\/Venta-de-productos-IMG_20190831_131922417-1-scaled-1.jpg\",\"contentUrl\":\"https:\/\/economiasbioregionales.org\/wp-content\/uploads\/2021\/12\/Venta-de-productos-IMG_20190831_131922417-1-scaled-1.jpg\",\"width\":2560,\"height\":1920},{\"@type\":\"BreadcrumbList\",\"@id\":\"https:\/\/economiasbioregionales.org\/la-escuela-itinera\/#breadcrumb\",\"itemListElement\":[{\"@type\":\"ListItem\",\"position\":1,\"name\":\"EBR\",\"item\":\"https:\/\/economiasbioregionales.org\/\"},{\"@type\":\"ListItem\",\"position\":2,\"name\":\"BLOG\",\"item\":\"https:\/\/economiasbioregionales.org\/category\/blog\/\"},{\"@type\":\"ListItem\",\"position\":3,\"name\":\"ITINERA: ESCUELA PARA LA NUEVA RURALIDAD AGROECOL\u00d3GICA\"}]},{\"@type\":\"WebSite\",\"@id\":\"https:\/\/economiasbioregionales.org\/#website\",\"url\":\"https:\/\/economiasbioregionales.org\/\",\"name\":\"Econom\u00edas BioRegionales\",\"description\":\"Econom\u00eda circular, sistemas alimentarios locales, monedas sociales, comunicaci\u00f3n y comunidad\",\"publisher\":{\"@id\":\"https:\/\/economiasbioregionales.org\/#organization\"},\"potentialAction\":[{\"@type\":\"SearchAction\",\"target\":{\"@type\":\"EntryPoint\",\"urlTemplate\":\"https:\/\/economiasbioregionales.org\/?s={search_term_string}\"},\"query-input\":{\"@type\":\"PropertyValueSpecification\",\"valueRequired\":true,\"valueName\":\"search_term_string\"}}],\"inLanguage\":\"en-GB\"},{\"@type\":\"Organization\",\"@id\":\"https:\/\/economiasbioregionales.org\/#organization\",\"name\":\"Econom\u00edas BioRegionales\",\"url\":\"https:\/\/economiasbioregionales.org\/\",\"logo\":{\"@type\":\"ImageObject\",\"inLanguage\":\"en-GB\",\"@id\":\"https:\/\/economiasbioregionales.org\/#\/schema\/logo\/image\/\",\"url\":\"https:\/\/economiasbioregionales.org\/wp-content\/uploads\/2017\/11\/eBR_cabecera-e1515058375551.png\",\"contentUrl\":\"https:\/\/economiasbioregionales.org\/wp-content\/uploads\/2017\/11\/eBR_cabecera-e1515058375551.png\",\"width\":361,\"height\":168,\"caption\":\"Econom\u00edas BioRegionales\"},\"image\":{\"@id\":\"https:\/\/economiasbioregionales.org\/#\/schema\/logo\/image\/\"},\"sameAs\":[\"https:\/\/www.facebook.com\/EconomiasBioRegionales\/\",\"https:\/\/x.com\/E_BioReg\",\"https:\/\/www.linkedin.com\/company\/economiaseioregionales\/\"]},{\"@type\":\"Person\",\"@id\":\"https:\/\/economiasbioregionales.org\/#\/schema\/person\/e69d2d9cd485096b833832c9eb2bb644\",\"name\":\"bioregional\",\"image\":{\"@type\":\"ImageObject\",\"inLanguage\":\"en-GB\",\"@id\":\"https:\/\/economiasbioregionales.org\/#\/schema\/person\/image\/\",\"url\":\"https:\/\/secure.gravatar.com\/avatar\/136ab64408f4a0f270ea1527258b6cf9?s=96&d=mm&r=g\",\"contentUrl\":\"https:\/\/secure.gravatar.com\/avatar\/136ab64408f4a0f270ea1527258b6cf9?s=96&d=mm&r=g\",\"caption\":\"bioregional\"},\"url\":\"https:\/\/economiasbioregionales.org\/en\/author\/monicacuende_q416k1w8\/\"}]}<\/script>\n<!-- \/ Yoast SEO plugin. -->","yoast_head_json":{"title":"ITINERA: ESCUELA PARA LA NUEVA RURALIDAD AGROECOL\u00d3GICA - Econom\u00edas BioRegionales","robots":{"index":"index","follow":"follow","max-snippet":"max-snippet:-1","max-image-preview":"max-image-preview:large","max-video-preview":"max-video-preview:-1"},"canonical":"https:\/\/economiasbioregionales.org\/en\/la-escuela-itinera\/","og_locale":"en_GB","og_type":"article","og_title":"ITINERA: ESCUELA PARA LA NUEVA RURALIDAD AGROECOL\u00d3GICA - Econom\u00edas BioRegionales","og_description":"El Grupo Operativo de la Comunidad de Madrid, impulsado por la Red TERRAE de municipios agroecol\u00f3gicos, financiada por IMIDRA dentro de la medida de grupos operativos y cooperaci\u00f3n del PDR de Madrid 2014-2020. Participan como socios los Grupos de Acci\u00f3n Local de la Comunidad de Madrid: ARACOVE, GALSINMA y ADI Sierra Oeste, la Asociaci\u00f3n Unida [&hellip;]","og_url":"https:\/\/economiasbioregionales.org\/en\/la-escuela-itinera\/","og_site_name":"Econom\u00edas BioRegionales","article_publisher":"https:\/\/www.facebook.com\/EconomiasBioRegionales\/","article_published_time":"2021-12-30T19:09:02+00:00","article_modified_time":"2022-08-08T15:04:42+00:00","og_image":[{"width":2560,"height":1920,"url":"https:\/\/economiasbioregionales.org\/wp-content\/uploads\/2021\/12\/Venta-de-productos-IMG_20190831_131922417-1-scaled-1.jpg","type":"image\/jpeg"}],"author":"bioregional","twitter_card":"summary_large_image","twitter_creator":"@E_BioReg","twitter_site":"@E_BioReg","twitter_misc":{"Written by":"bioregional","Estimated reading time":"3 minutes"},"schema":{"@context":"https:\/\/schema.org","@graph":[{"@type":"Article","@id":"https:\/\/economiasbioregionales.org\/la-escuela-itinera\/#article","isPartOf":{"@id":"https:\/\/economiasbioregionales.org\/la-escuela-itinera\/"},"author":{"name":"bioregional","@id":"https:\/\/economiasbioregionales.org\/#\/schema\/person\/e69d2d9cd485096b833832c9eb2bb644"},"headline":"ITINERA: ESCUELA PARA LA NUEVA RURALIDAD AGROECOL\u00d3GICA","datePublished":"2021-12-30T19:09:02+00:00","dateModified":"2022-08-08T15:04:42+00:00","mainEntityOfPage":{"@id":"https:\/\/economiasbioregionales.org\/la-escuela-itinera\/"},"wordCount":673,"publisher":{"@id":"https:\/\/economiasbioregionales.org\/#organization"},"image":{"@id":"https:\/\/economiasbioregionales.org\/la-escuela-itinera\/#primaryimage"},"thumbnailUrl":"https:\/\/economiasbioregionales.org\/wp-content\/uploads\/2021\/12\/Venta-de-productos-IMG_20190831_131922417-1-scaled-1.jpg","articleSection":["BLOG","FORMACION","PROYECTOS"],"inLanguage":"en-GB"},{"@type":"WebPage","@id":"https:\/\/economiasbioregionales.org\/la-escuela-itinera\/","url":"https:\/\/economiasbioregionales.org\/la-escuela-itinera\/","name":"ITINERA: ESCUELA PARA LA NUEVA RURALIDAD AGROECOL\u00d3GICA - Econom\u00edas BioRegionales","isPartOf":{"@id":"https:\/\/economiasbioregionales.org\/#website"},"primaryImageOfPage":{"@id":"https:\/\/economiasbioregionales.org\/la-escuela-itinera\/#primaryimage"},"image":{"@id":"https:\/\/economiasbioregionales.org\/la-escuela-itinera\/#primaryimage"},"thumbnailUrl":"https:\/\/economiasbioregionales.org\/wp-content\/uploads\/2021\/12\/Venta-de-productos-IMG_20190831_131922417-1-scaled-1.jpg","datePublished":"2021-12-30T19:09:02+00:00","dateModified":"2022-08-08T15:04:42+00:00","breadcrumb":{"@id":"https:\/\/economiasbioregionales.org\/la-escuela-itinera\/#breadcrumb"},"inLanguage":"en-GB","potentialAction":[{"@type":"ReadAction","target":["https:\/\/economiasbioregionales.org\/la-escuela-itinera\/"]}]},{"@type":"ImageObject","inLanguage":"en-GB","@id":"https:\/\/economiasbioregionales.org\/la-escuela-itinera\/#primaryimage","url":"https:\/\/economiasbioregionales.org\/wp-content\/uploads\/2021\/12\/Venta-de-productos-IMG_20190831_131922417-1-scaled-1.jpg","contentUrl":"https:\/\/economiasbioregionales.org\/wp-content\/uploads\/2021\/12\/Venta-de-productos-IMG_20190831_131922417-1-scaled-1.jpg","width":2560,"height":1920},{"@type":"BreadcrumbList","@id":"https:\/\/economiasbioregionales.org\/la-escuela-itinera\/#breadcrumb","itemListElement":[{"@type":"ListItem","position":1,"name":"EBR","item":"https:\/\/economiasbioregionales.org\/"},{"@type":"ListItem","position":2,"name":"BLOG","item":"https:\/\/economiasbioregionales.org\/category\/blog\/"},{"@type":"ListItem","position":3,"name":"ITINERA: ESCUELA PARA LA NUEVA RURALIDAD AGROECOL\u00d3GICA"}]},{"@type":"WebSite","@id":"https:\/\/economiasbioregionales.org\/#website","url":"https:\/\/economiasbioregionales.org\/","name":"Econom\u00edas BioRegionales","description":"Econom\u00eda circular, sistemas alimentarios locales, monedas sociales, comunicaci\u00f3n y comunidad","publisher":{"@id":"https:\/\/economiasbioregionales.org\/#organization"},"potentialAction":[{"@type":"SearchAction","target":{"@type":"EntryPoint","urlTemplate":"https:\/\/economiasbioregionales.org\/?s={search_term_string}"},"query-input":{"@type":"PropertyValueSpecification","valueRequired":true,"valueName":"search_term_string"}}],"inLanguage":"en-GB"},{"@type":"Organization","@id":"https:\/\/economiasbioregionales.org\/#organization","name":"Econom\u00edas BioRegionales","url":"https:\/\/economiasbioregionales.org\/","logo":{"@type":"ImageObject","inLanguage":"en-GB","@id":"https:\/\/economiasbioregionales.org\/#\/schema\/logo\/image\/","url":"https:\/\/economiasbioregionales.org\/wp-content\/uploads\/2017\/11\/eBR_cabecera-e1515058375551.png","contentUrl":"https:\/\/economiasbioregionales.org\/wp-content\/uploads\/2017\/11\/eBR_cabecera-e1515058375551.png","width":361,"height":168,"caption":"Econom\u00edas BioRegionales"},"image":{"@id":"https:\/\/economiasbioregionales.org\/#\/schema\/logo\/image\/"},"sameAs":["https:\/\/www.facebook.com\/EconomiasBioRegionales\/","https:\/\/x.com\/E_BioReg","https:\/\/www.linkedin.com\/company\/economiaseioregionales\/"]},{"@type":"Person","@id":"https:\/\/economiasbioregionales.org\/#\/schema\/person\/e69d2d9cd485096b833832c9eb2bb644","name":"bioregional","image":{"@type":"ImageObject","inLanguage":"en-GB","@id":"https:\/\/economiasbioregionales.org\/#\/schema\/person\/image\/","url":"https:\/\/secure.gravatar.com\/avatar\/136ab64408f4a0f270ea1527258b6cf9?s=96&d=mm&r=g","contentUrl":"https:\/\/secure.gravatar.com\/avatar\/136ab64408f4a0f270ea1527258b6cf9?s=96&d=mm&r=g","caption":"bioregional"},"url":"https:\/\/economiasbioregionales.org\/en\/author\/monicacuende_q416k1w8\/"}]}},"_links":{"self":[{"href":"https:\/\/economiasbioregionales.org\/en\/wp-json\/wp\/v2\/posts\/767","targetHints":{"allow":["GET"]}}],"collection":[{"href":"https:\/\/economiasbioregionales.org\/en\/wp-json\/wp\/v2\/posts"}],"about":[{"href":"https:\/\/economiasbioregionales.org\/en\/wp-json\/wp\/v2\/types\/post"}],"author":[{"embeddable":true,"href":"https:\/\/economiasbioregionales.org\/en\/wp-json\/wp\/v2\/users\/2"}],"replies":[{"embeddable":true,"href":"https:\/\/economiasbioregionales.org\/en\/wp-json\/wp\/v2\/comments?post=767"}],"version-history":[{"count":12,"href":"https:\/\/economiasbioregionales.org\/en\/wp-json\/wp\/v2\/posts\/767\/revisions"}],"predecessor-version":[{"id":799,"href":"https:\/\/economiasbioregionales.org\/en\/wp-json\/wp\/v2\/posts\/767\/revisions\/799"}],"wp:featuredmedia":[{"embeddable":true,"href":"https:\/\/economiasbioregionales.org\/en\/wp-json\/wp\/v2\/media\/795"}],"wp:attachment":[{"href":"https:\/\/economiasbioregionales.org\/en\/wp-json\/wp\/v2\/media?parent=767"}],"wp:term":[{"taxonomy":"category","embeddable":true,"href":"https:\/\/economiasbioregionales.org\/en\/wp-json\/wp\/v2\/categories?post=767"},{"taxonomy":"post_tag","embeddable":true,"href":"https:\/\/economiasbioregionales.org\/en\/wp-json\/wp\/v2\/tags?post=767"}],"curies":[{"name":"wp","href":"https:\/\/api.w.org\/{rel}","templated":true}]}}