{"id":739,"date":"2021-07-05T22:24:55","date_gmt":"2021-07-05T20:24:55","guid":{"rendered":"https:\/\/economiasbioregionales.org\/?p=739"},"modified":"2022-08-08T16:48:46","modified_gmt":"2022-08-08T14:48:46","slug":"agrocompostaje-profesional-empleaverde","status":"publish","type":"post","link":"https:\/\/economiasbioregionales.org\/en\/agrocompostaje-profesional-empleaverde\/","title":{"rendered":"AGROCOMPOSTAJE PROFESIONAL PARA LA DIVERSIFICACI\u00d3N DE RENTA"},"content":{"rendered":"<h5 class=\"western\">EXTREMADURA Y CASTILLA-LA MANCHA<br \/>\nFormaci\u00f3n I-II y asesor\u00eda t\u00e9cnica | Septiembre-Diciembre 2021<br \/>\nPr\u00e1cticas remuneradas | Enero-marzo 2022<\/h5>\n<p>El objetivo general de este programa para la mejora del empleo y la posibilidad de diversificaci\u00f3n de renta es aprender a compostar residuos urbanos, dise\u00f1ar una peque\u00f1a planta y ofrecer servicios de agrocompostaje en pueblos y mancomunidades, explorando v\u00edas de diversificaci\u00f3n de ingresos, y de regeneraci\u00f3n ecol\u00f3gica de suelos agr\u00edcolas con el compost resultante.<\/p>\n<p><strong>DESCRIPCI\u00d3N PROGRAMA DE AGROCOMPOSTAJE PROFESIONAL<\/strong><\/p>\n<p>El agrocompostaje permite adem\u00e1s a los profesionales de la agricultura abaratar los insumos en agricultura ecol\u00f3gico, transitar a sistemas org\u00e1nicos de manejo del suelo, e incorporar materia org\u00e1nica en la l\u00ednea de los eco esquemas PAC.<\/p>\n<p>Para ello se ha dise\u00f1ado un itinerario formativo en distintas fases:<\/p>\n<ul>\n<li style=\"list-style-type: none;\">\n<ul>\n<li>Formaci\u00f3n profesional para comprender los retos y procesos de tratamiento de la materia org\u00e1nica de los residuos municipales.<\/li>\n<li>Asesor\u00eda t\u00e9cnica para el dise\u00f1o de una planta en vuestras instalaciones, explotaci\u00f3n o finca, as\u00ed como asesoraros en las estrategias para ofrecer y prestar este nuevo tipo de servicios de recogida y\/o tratamiento para responder a la obligatoriedad de que en toda Espa\u00f1a en 2023 se haga una recogida selectiva de la materia org\u00e1nica.<\/li>\n<li>Pr\u00e1cticas remuneradas para profesionales del sector agrario en activo.<\/li>\n<\/ul>\n<\/li>\n<\/ul>\n<p><iframe loading=\"lazy\" title=\"YouTube video player\" src=\"https:\/\/www.youtube.com\/embed\/wio_zu82des\" width=\"853\" height=\"480\" frameborder=\"0\" allowfullscreen=\"allowfullscreen\"><span style=\"display: inline-block; width: 0px; overflow: hidden; line-height: 0;\" data-mce-type=\"bookmark\" class=\"mce_SELRES_start\"><\/span><span style=\"display: inline-block; width: 0px; overflow: hidden; line-height: 0;\" data-mce-type=\"bookmark\" class=\"mce_SELRES_start\"><\/span><\/iframe><\/p>\n<p><strong>DIRIGIDO A PROFESIONALES EN ACTIVO *(CONTRATADOS Y AUT\u00d3NOMOS)<\/strong><\/p>\n<ul>\n<li style=\"list-style-type: none;\">\n<ul>\n<li style=\"list-style-type: none;\">\n<ul>\n<li>Profesionales del sector agrario que quieran explorar complementos de renta, y abonar de modo org\u00e1nico sus campos y avanzar en la transici\u00f3n agroecol\u00f3gica.<\/li>\n<li>Empresas y trabajadores del medio rural que quieran realizar labores de compostaje de sus residuos: empresas de jardiner\u00eda, hoteles, restaurantes y otros, as\u00ed como a responsables de huertos sociales e investigadores.<\/li>\n<li>En caso de ser seleccionados se tendr\u00e1 que presentar contrato de trabajo o alta de IAE y Aut\u00f3nomos.<\/li>\n<\/ul>\n<\/li>\n<\/ul>\n<\/li>\n<\/ul>\n<p><strong>ITINERARIO DEL PROGRAMA DE AGROCOMPOSTAJE PROFESIONAL<\/strong><\/p>\n<p><strong>\ud83d\udfe0 Formaci\u00f3n I: Introducci\u00f3n al compostaje descentralizado de la materia org\u00e1nica municipal y a la maestr\u00eda agrocompostadora.<\/strong><\/p>\n<ul>\n<li>Fechas: 17-30 septiembre 2021<\/li>\n<li>Carga horaria: 20 horas (5 presenciales y 15 on-line)<\/li>\n<li>Participantes por provincia: 15<\/li>\n<\/ul>\n<p><strong>\ud83d\udfe0 Formaci\u00f3n II: <\/strong><strong>Formaci\u00f3n en agrocompostaje profesional<\/strong><\/p>\n<ul>\n<li>Fechas: octubre 2021 (por acordar con participantes<\/li>\n<li>Carga horaria: 20 horas (5 presenciales y 15 on-line)<\/li>\n<li>Participante por provincia: 8<\/li>\n<\/ul>\n<p>\ud83d\udfe0 <strong>Asesor\u00eda t\u00e9cnica: <\/strong><strong>Dise\u00f1o de una planta de compostaje o agrocompostaje\u00a0 y ofrecer el servicio de tratamiento descentralizado a tu Mancomunidad \/ Ayuntamiento<br \/>\n<\/strong><\/p>\n<ul>\n<li>Fechas: noviembre-diciembre 2021 (por acordar con participantes)<\/li>\n<li>Carga horaria: 10 horas tutor\u00edas personalizadas<\/li>\n<li>Participantes por provincia: 5 personas de la formaci\u00f3n I y II<\/li>\n<\/ul>\n<p><strong>\ud83d\udfe0 Pr\u00e1cticas remuneradas y monitorizadas de recogida\/tratamiento de materia org\u00e1nica<br \/>\n<\/strong><\/p>\n<ul>\n<li>Fechas: 1 enero &#8211; 30 marzo 2022 (por acordar con participantes)<\/li>\n<li>Participantes por provincia: 2 personas<\/li>\n<li>Remuneraci\u00f3n: hasta 100 \u20ac tonelada<\/li>\n<\/ul>\n<p><span style=\"text-decoration: underline;\">Los criterios selectivos para pasar de una fase a la siguiente incluir\u00e1n, posibilidad de aplicar los conocimientos, disponibilidad del ayuntamiento\/ mancomunidad de residuo.<\/span><\/p>\n<p><strong>INSCRIPCI\u00d3N Y SELECCI\u00d3N PARTICIPANTES<br \/>\n<\/strong><\/p>\n<p>El proceso de inscripci\u00f3n se abre hasta del 12 de julio hasta el 20 de septiembre en Castilla-La Mancha, para ello es necesario rellenando este <a href=\"https:\/\/docs.google.com\/forms\/d\/1rj-lUMExwACfMHEclAvk83EL_bey2xhYAOtn5U-8FEM\/edit\">FORMULARIO<\/a>.<\/p>\n<p>La selecci\u00f3n de participantes se har\u00e1 por orden de inscripci\u00f3n de aquellas personas que cumplan los criterios descritos anteriormente y presenten la documentaci\u00f3n requerida.<\/p>\n<p><strong>SESI\u00d3N INFORMATIVA<\/strong><\/p>\n<p>El viernes 3 de septiembre de 12.00 a 13.00 h puedes asistir a la sesi\u00f3n online.<\/p>\n<p><iframe loading=\"lazy\" title=\"YouTube video player\" src=\"https:\/\/www.youtube.com\/embed\/troI8tbvPHw\" width=\"853\" height=\"430\" frameborder=\"0\" allowfullscreen=\"allowfullscreen\"><\/iframe><\/p>\n<p><strong><br \/>\nFORMULARIO DE INSCRIPCI\u00d3N<\/strong><\/p>\n<p>https:\/\/docs.google.com\/forms\/d\/1rj-lUMExwACfMHEclAvk83EL_bey2xhYAOtn5U-8FEM<\/p>\n<p>&nbsp;<\/p>","protected":false},"excerpt":{"rendered":"<p>EXTREMADURA Y CASTILLA-LA MANCHA Formaci\u00f3n I-II y asesor\u00eda t\u00e9cnica | Septiembre-Diciembre 2021 Pr\u00e1cticas remuneradas | Enero-marzo 2022 El objetivo general de este programa para la mejora del empleo y la posibilidad de diversificaci\u00f3n de renta es aprender a compostar residuos urbanos, dise\u00f1ar una peque\u00f1a planta y ofrecer servicios de agrocompostaje en pueblos y mancomunidades, explorando [&hellip;]<\/p>","protected":false},"author":2,"featured_media":597,"comment_status":"closed","ping_status":"open","sticky":false,"template":"","format":"standard","meta":{"_et_pb_use_builder":"","_et_pb_old_content":"","_et_gb_content_width":"","footnotes":""},"categories":[10,11,9],"tags":[],"class_list":["post-739","post","type-post","status-publish","format-standard","has-post-thumbnail","hentry","category-blog","category-formacion","category-proyectos"],"yoast_head":"<!-- This site is optimized with the Yoast SEO plugin v24.5 - https:\/\/yoast.com\/wordpress\/plugins\/seo\/ -->\n<title>AGROCOMPOSTAJE PROFESIONAL PARA LA DIVERSIFICACI\u00d3N DE RENTA - Econom\u00edas BioRegionales<\/title>\n<meta name=\"robots\" content=\"index, follow, max-snippet:-1, max-image-preview:large, max-video-preview:-1\" \/>\n<link rel=\"canonical\" href=\"https:\/\/economiasbioregionales.org\/en\/agrocompostaje-profesional-empleaverde\/\" \/>\n<meta property=\"og:locale\" content=\"en_GB\" \/>\n<meta property=\"og:type\" content=\"article\" \/>\n<meta property=\"og:title\" content=\"AGROCOMPOSTAJE PROFESIONAL PARA LA DIVERSIFICACI\u00d3N DE RENTA - Econom\u00edas BioRegionales\" \/>\n<meta property=\"og:description\" content=\"EXTREMADURA Y CASTILLA-LA MANCHA Formaci\u00f3n I-II y asesor\u00eda t\u00e9cnica | Septiembre-Diciembre 2021 Pr\u00e1cticas remuneradas | Enero-marzo 2022 El objetivo general de este programa para la mejora del empleo y la posibilidad de diversificaci\u00f3n de renta es aprender a compostar residuos urbanos, dise\u00f1ar una peque\u00f1a planta y ofrecer servicios de agrocompostaje en pueblos y mancomunidades, explorando [&hellip;]\" \/>\n<meta property=\"og:url\" content=\"https:\/\/economiasbioregionales.org\/en\/agrocompostaje-profesional-empleaverde\/\" \/>\n<meta property=\"og:site_name\" content=\"Econom\u00edas BioRegionales\" \/>\n<meta property=\"article:publisher\" content=\"https:\/\/www.facebook.com\/EconomiasBioRegionales\/\" \/>\n<meta property=\"article:published_time\" content=\"2021-07-05T20:24:55+00:00\" \/>\n<meta property=\"article:modified_time\" content=\"2022-08-08T14:48:46+00:00\" \/>\n<meta property=\"og:image\" content=\"https:\/\/economiasbioregionales.org\/wp-content\/uploads\/2018\/10\/Captura-de-pantalla-de-2018-10-14-11-11-44-e1539510050308.png\" \/>\n\t<meta property=\"og:image:width\" content=\"1366\" \/>\n\t<meta property=\"og:image:height\" content=\"727\" \/>\n\t<meta property=\"og:image:type\" content=\"image\/png\" \/>\n<meta name=\"author\" content=\"bioregional\" \/>\n<meta name=\"twitter:card\" content=\"summary_large_image\" \/>\n<meta name=\"twitter:creator\" content=\"@E_BioReg\" \/>\n<meta name=\"twitter:site\" content=\"@E_BioReg\" \/>\n<meta name=\"twitter:label1\" content=\"Written by\" \/>\n\t<meta name=\"twitter:data1\" content=\"bioregional\" \/>\n\t<meta name=\"twitter:label2\" content=\"Estimated reading time\" \/>\n\t<meta name=\"twitter:data2\" content=\"3 minutes\" \/>\n<script type=\"application\/ld+json\" class=\"yoast-schema-graph\">{\"@context\":\"https:\/\/schema.org\",\"@graph\":[{\"@type\":\"Article\",\"@id\":\"https:\/\/economiasbioregionales.org\/agrocompostaje-profesional-empleaverde\/#article\",\"isPartOf\":{\"@id\":\"https:\/\/economiasbioregionales.org\/agrocompostaje-profesional-empleaverde\/\"},\"author\":{\"name\":\"bioregional\",\"@id\":\"https:\/\/economiasbioregionales.org\/#\/schema\/person\/e69d2d9cd485096b833832c9eb2bb644\"},\"headline\":\"AGROCOMPOSTAJE PROFESIONAL PARA LA DIVERSIFICACI\u00d3N DE RENTA\",\"datePublished\":\"2021-07-05T20:24:55+00:00\",\"dateModified\":\"2022-08-08T14:48:46+00:00\",\"mainEntityOfPage\":{\"@id\":\"https:\/\/economiasbioregionales.org\/agrocompostaje-profesional-empleaverde\/\"},\"wordCount\":574,\"publisher\":{\"@id\":\"https:\/\/economiasbioregionales.org\/#organization\"},\"image\":{\"@id\":\"https:\/\/economiasbioregionales.org\/agrocompostaje-profesional-empleaverde\/#primaryimage\"},\"thumbnailUrl\":\"https:\/\/economiasbioregionales.org\/wp-content\/uploads\/2018\/10\/Captura-de-pantalla-de-2018-10-14-11-11-44-e1539510050308.png\",\"articleSection\":[\"BLOG\",\"FORMACION\",\"PROYECTOS\"],\"inLanguage\":\"en-GB\"},{\"@type\":\"WebPage\",\"@id\":\"https:\/\/economiasbioregionales.org\/agrocompostaje-profesional-empleaverde\/\",\"url\":\"https:\/\/economiasbioregionales.org\/agrocompostaje-profesional-empleaverde\/\",\"name\":\"AGROCOMPOSTAJE PROFESIONAL PARA LA DIVERSIFICACI\u00d3N DE RENTA - Econom\u00edas BioRegionales\",\"isPartOf\":{\"@id\":\"https:\/\/economiasbioregionales.org\/#website\"},\"primaryImageOfPage\":{\"@id\":\"https:\/\/economiasbioregionales.org\/agrocompostaje-profesional-empleaverde\/#primaryimage\"},\"image\":{\"@id\":\"https:\/\/economiasbioregionales.org\/agrocompostaje-profesional-empleaverde\/#primaryimage\"},\"thumbnailUrl\":\"https:\/\/economiasbioregionales.org\/wp-content\/uploads\/2018\/10\/Captura-de-pantalla-de-2018-10-14-11-11-44-e1539510050308.png\",\"datePublished\":\"2021-07-05T20:24:55+00:00\",\"dateModified\":\"2022-08-08T14:48:46+00:00\",\"breadcrumb\":{\"@id\":\"https:\/\/economiasbioregionales.org\/agrocompostaje-profesional-empleaverde\/#breadcrumb\"},\"inLanguage\":\"en-GB\",\"potentialAction\":[{\"@type\":\"ReadAction\",\"target\":[\"https:\/\/economiasbioregionales.org\/agrocompostaje-profesional-empleaverde\/\"]}]},{\"@type\":\"ImageObject\",\"inLanguage\":\"en-GB\",\"@id\":\"https:\/\/economiasbioregionales.org\/agrocompostaje-profesional-empleaverde\/#primaryimage\",\"url\":\"https:\/\/economiasbioregionales.org\/wp-content\/uploads\/2018\/10\/Captura-de-pantalla-de-2018-10-14-11-11-44-e1539510050308.png\",\"contentUrl\":\"https:\/\/economiasbioregionales.org\/wp-content\/uploads\/2018\/10\/Captura-de-pantalla-de-2018-10-14-11-11-44-e1539510050308.png\",\"width\":1366,\"height\":727,\"caption\":\"CSA TORREMOCHA DE JRAMA 2020\"},{\"@type\":\"BreadcrumbList\",\"@id\":\"https:\/\/economiasbioregionales.org\/agrocompostaje-profesional-empleaverde\/#breadcrumb\",\"itemListElement\":[{\"@type\":\"ListItem\",\"position\":1,\"name\":\"EBR\",\"item\":\"https:\/\/economiasbioregionales.org\/\"},{\"@type\":\"ListItem\",\"position\":2,\"name\":\"BLOG\",\"item\":\"https:\/\/economiasbioregionales.org\/category\/blog\/\"},{\"@type\":\"ListItem\",\"position\":3,\"name\":\"AGROCOMPOSTAJE PROFESIONAL PARA LA DIVERSIFICACI\u00d3N DE RENTA\"}]},{\"@type\":\"WebSite\",\"@id\":\"https:\/\/economiasbioregionales.org\/#website\",\"url\":\"https:\/\/economiasbioregionales.org\/\",\"name\":\"Econom\u00edas BioRegionales\",\"description\":\"Econom\u00eda circular, sistemas alimentarios locales, monedas sociales, comunicaci\u00f3n y comunidad\",\"publisher\":{\"@id\":\"https:\/\/economiasbioregionales.org\/#organization\"},\"potentialAction\":[{\"@type\":\"SearchAction\",\"target\":{\"@type\":\"EntryPoint\",\"urlTemplate\":\"https:\/\/economiasbioregionales.org\/?s={search_term_string}\"},\"query-input\":{\"@type\":\"PropertyValueSpecification\",\"valueRequired\":true,\"valueName\":\"search_term_string\"}}],\"inLanguage\":\"en-GB\"},{\"@type\":\"Organization\",\"@id\":\"https:\/\/economiasbioregionales.org\/#organization\",\"name\":\"Econom\u00edas BioRegionales\",\"url\":\"https:\/\/economiasbioregionales.org\/\",\"logo\":{\"@type\":\"ImageObject\",\"inLanguage\":\"en-GB\",\"@id\":\"https:\/\/economiasbioregionales.org\/#\/schema\/logo\/image\/\",\"url\":\"https:\/\/economiasbioregionales.org\/wp-content\/uploads\/2017\/11\/eBR_cabecera-e1515058375551.png\",\"contentUrl\":\"https:\/\/economiasbioregionales.org\/wp-content\/uploads\/2017\/11\/eBR_cabecera-e1515058375551.png\",\"width\":361,\"height\":168,\"caption\":\"Econom\u00edas BioRegionales\"},\"image\":{\"@id\":\"https:\/\/economiasbioregionales.org\/#\/schema\/logo\/image\/\"},\"sameAs\":[\"https:\/\/www.facebook.com\/EconomiasBioRegionales\/\",\"https:\/\/x.com\/E_BioReg\",\"https:\/\/www.linkedin.com\/company\/economiaseioregionales\/\"]},{\"@type\":\"Person\",\"@id\":\"https:\/\/economiasbioregionales.org\/#\/schema\/person\/e69d2d9cd485096b833832c9eb2bb644\",\"name\":\"bioregional\",\"image\":{\"@type\":\"ImageObject\",\"inLanguage\":\"en-GB\",\"@id\":\"https:\/\/economiasbioregionales.org\/#\/schema\/person\/image\/\",\"url\":\"https:\/\/secure.gravatar.com\/avatar\/136ab64408f4a0f270ea1527258b6cf9?s=96&d=mm&r=g\",\"contentUrl\":\"https:\/\/secure.gravatar.com\/avatar\/136ab64408f4a0f270ea1527258b6cf9?s=96&d=mm&r=g\",\"caption\":\"bioregional\"},\"url\":\"https:\/\/economiasbioregionales.org\/en\/author\/monicacuende_q416k1w8\/\"}]}<\/script>\n<!-- \/ Yoast SEO plugin. -->","yoast_head_json":{"title":"AGROCOMPOSTAJE PROFESIONAL PARA LA DIVERSIFICACI\u00d3N DE RENTA - Econom\u00edas BioRegionales","robots":{"index":"index","follow":"follow","max-snippet":"max-snippet:-1","max-image-preview":"max-image-preview:large","max-video-preview":"max-video-preview:-1"},"canonical":"https:\/\/economiasbioregionales.org\/en\/agrocompostaje-profesional-empleaverde\/","og_locale":"en_GB","og_type":"article","og_title":"AGROCOMPOSTAJE PROFESIONAL PARA LA DIVERSIFICACI\u00d3N DE RENTA - Econom\u00edas BioRegionales","og_description":"EXTREMADURA Y CASTILLA-LA MANCHA Formaci\u00f3n I-II y asesor\u00eda t\u00e9cnica | Septiembre-Diciembre 2021 Pr\u00e1cticas remuneradas | Enero-marzo 2022 El objetivo general de este programa para la mejora del empleo y la posibilidad de diversificaci\u00f3n de renta es aprender a compostar residuos urbanos, dise\u00f1ar una peque\u00f1a planta y ofrecer servicios de agrocompostaje en pueblos y mancomunidades, explorando [&hellip;]","og_url":"https:\/\/economiasbioregionales.org\/en\/agrocompostaje-profesional-empleaverde\/","og_site_name":"Econom\u00edas BioRegionales","article_publisher":"https:\/\/www.facebook.com\/EconomiasBioRegionales\/","article_published_time":"2021-07-05T20:24:55+00:00","article_modified_time":"2022-08-08T14:48:46+00:00","og_image":[{"width":1366,"height":727,"url":"https:\/\/economiasbioregionales.org\/wp-content\/uploads\/2018\/10\/Captura-de-pantalla-de-2018-10-14-11-11-44-e1539510050308.png","type":"image\/png"}],"author":"bioregional","twitter_card":"summary_large_image","twitter_creator":"@E_BioReg","twitter_site":"@E_BioReg","twitter_misc":{"Written by":"bioregional","Estimated reading time":"3 minutes"},"schema":{"@context":"https:\/\/schema.org","@graph":[{"@type":"Article","@id":"https:\/\/economiasbioregionales.org\/agrocompostaje-profesional-empleaverde\/#article","isPartOf":{"@id":"https:\/\/economiasbioregionales.org\/agrocompostaje-profesional-empleaverde\/"},"author":{"name":"bioregional","@id":"https:\/\/economiasbioregionales.org\/#\/schema\/person\/e69d2d9cd485096b833832c9eb2bb644"},"headline":"AGROCOMPOSTAJE PROFESIONAL PARA LA DIVERSIFICACI\u00d3N DE RENTA","datePublished":"2021-07-05T20:24:55+00:00","dateModified":"2022-08-08T14:48:46+00:00","mainEntityOfPage":{"@id":"https:\/\/economiasbioregionales.org\/agrocompostaje-profesional-empleaverde\/"},"wordCount":574,"publisher":{"@id":"https:\/\/economiasbioregionales.org\/#organization"},"image":{"@id":"https:\/\/economiasbioregionales.org\/agrocompostaje-profesional-empleaverde\/#primaryimage"},"thumbnailUrl":"https:\/\/economiasbioregionales.org\/wp-content\/uploads\/2018\/10\/Captura-de-pantalla-de-2018-10-14-11-11-44-e1539510050308.png","articleSection":["BLOG","FORMACION","PROYECTOS"],"inLanguage":"en-GB"},{"@type":"WebPage","@id":"https:\/\/economiasbioregionales.org\/agrocompostaje-profesional-empleaverde\/","url":"https:\/\/economiasbioregionales.org\/agrocompostaje-profesional-empleaverde\/","name":"AGROCOMPOSTAJE PROFESIONAL PARA LA DIVERSIFICACI\u00d3N DE RENTA - Econom\u00edas BioRegionales","isPartOf":{"@id":"https:\/\/economiasbioregionales.org\/#website"},"primaryImageOfPage":{"@id":"https:\/\/economiasbioregionales.org\/agrocompostaje-profesional-empleaverde\/#primaryimage"},"image":{"@id":"https:\/\/economiasbioregionales.org\/agrocompostaje-profesional-empleaverde\/#primaryimage"},"thumbnailUrl":"https:\/\/economiasbioregionales.org\/wp-content\/uploads\/2018\/10\/Captura-de-pantalla-de-2018-10-14-11-11-44-e1539510050308.png","datePublished":"2021-07-05T20:24:55+00:00","dateModified":"2022-08-08T14:48:46+00:00","breadcrumb":{"@id":"https:\/\/economiasbioregionales.org\/agrocompostaje-profesional-empleaverde\/#breadcrumb"},"inLanguage":"en-GB","potentialAction":[{"@type":"ReadAction","target":["https:\/\/economiasbioregionales.org\/agrocompostaje-profesional-empleaverde\/"]}]},{"@type":"ImageObject","inLanguage":"en-GB","@id":"https:\/\/economiasbioregionales.org\/agrocompostaje-profesional-empleaverde\/#primaryimage","url":"https:\/\/economiasbioregionales.org\/wp-content\/uploads\/2018\/10\/Captura-de-pantalla-de-2018-10-14-11-11-44-e1539510050308.png","contentUrl":"https:\/\/economiasbioregionales.org\/wp-content\/uploads\/2018\/10\/Captura-de-pantalla-de-2018-10-14-11-11-44-e1539510050308.png","width":1366,"height":727,"caption":"CSA TORREMOCHA DE JRAMA 2020"},{"@type":"BreadcrumbList","@id":"https:\/\/economiasbioregionales.org\/agrocompostaje-profesional-empleaverde\/#breadcrumb","itemListElement":[{"@type":"ListItem","position":1,"name":"EBR","item":"https:\/\/economiasbioregionales.org\/"},{"@type":"ListItem","position":2,"name":"BLOG","item":"https:\/\/economiasbioregionales.org\/category\/blog\/"},{"@type":"ListItem","position":3,"name":"AGROCOMPOSTAJE PROFESIONAL PARA LA DIVERSIFICACI\u00d3N DE RENTA"}]},{"@type":"WebSite","@id":"https:\/\/economiasbioregionales.org\/#website","url":"https:\/\/economiasbioregionales.org\/","name":"Econom\u00edas BioRegionales","description":"Econom\u00eda circular, sistemas alimentarios locales, monedas sociales, comunicaci\u00f3n y comunidad","publisher":{"@id":"https:\/\/economiasbioregionales.org\/#organization"},"potentialAction":[{"@type":"SearchAction","target":{"@type":"EntryPoint","urlTemplate":"https:\/\/economiasbioregionales.org\/?s={search_term_string}"},"query-input":{"@type":"PropertyValueSpecification","valueRequired":true,"valueName":"search_term_string"}}],"inLanguage":"en-GB"},{"@type":"Organization","@id":"https:\/\/economiasbioregionales.org\/#organization","name":"Econom\u00edas BioRegionales","url":"https:\/\/economiasbioregionales.org\/","logo":{"@type":"ImageObject","inLanguage":"en-GB","@id":"https:\/\/economiasbioregionales.org\/#\/schema\/logo\/image\/","url":"https:\/\/economiasbioregionales.org\/wp-content\/uploads\/2017\/11\/eBR_cabecera-e1515058375551.png","contentUrl":"https:\/\/economiasbioregionales.org\/wp-content\/uploads\/2017\/11\/eBR_cabecera-e1515058375551.png","width":361,"height":168,"caption":"Econom\u00edas BioRegionales"},"image":{"@id":"https:\/\/economiasbioregionales.org\/#\/schema\/logo\/image\/"},"sameAs":["https:\/\/www.facebook.com\/EconomiasBioRegionales\/","https:\/\/x.com\/E_BioReg","https:\/\/www.linkedin.com\/company\/economiaseioregionales\/"]},{"@type":"Person","@id":"https:\/\/economiasbioregionales.org\/#\/schema\/person\/e69d2d9cd485096b833832c9eb2bb644","name":"bioregional","image":{"@type":"ImageObject","inLanguage":"en-GB","@id":"https:\/\/economiasbioregionales.org\/#\/schema\/person\/image\/","url":"https:\/\/secure.gravatar.com\/avatar\/136ab64408f4a0f270ea1527258b6cf9?s=96&d=mm&r=g","contentUrl":"https:\/\/secure.gravatar.com\/avatar\/136ab64408f4a0f270ea1527258b6cf9?s=96&d=mm&r=g","caption":"bioregional"},"url":"https:\/\/economiasbioregionales.org\/en\/author\/monicacuende_q416k1w8\/"}]}},"_links":{"self":[{"href":"https:\/\/economiasbioregionales.org\/en\/wp-json\/wp\/v2\/posts\/739","targetHints":{"allow":["GET"]}}],"collection":[{"href":"https:\/\/economiasbioregionales.org\/en\/wp-json\/wp\/v2\/posts"}],"about":[{"href":"https:\/\/economiasbioregionales.org\/en\/wp-json\/wp\/v2\/types\/post"}],"author":[{"embeddable":true,"href":"https:\/\/economiasbioregionales.org\/en\/wp-json\/wp\/v2\/users\/2"}],"replies":[{"embeddable":true,"href":"https:\/\/economiasbioregionales.org\/en\/wp-json\/wp\/v2\/comments?post=739"}],"version-history":[{"count":18,"href":"https:\/\/economiasbioregionales.org\/en\/wp-json\/wp\/v2\/posts\/739\/revisions"}],"predecessor-version":[{"id":784,"href":"https:\/\/economiasbioregionales.org\/en\/wp-json\/wp\/v2\/posts\/739\/revisions\/784"}],"wp:featuredmedia":[{"embeddable":true,"href":"https:\/\/economiasbioregionales.org\/en\/wp-json\/wp\/v2\/media\/597"}],"wp:attachment":[{"href":"https:\/\/economiasbioregionales.org\/en\/wp-json\/wp\/v2\/media?parent=739"}],"wp:term":[{"taxonomy":"category","embeddable":true,"href":"https:\/\/economiasbioregionales.org\/en\/wp-json\/wp\/v2\/categories?post=739"},{"taxonomy":"post_tag","embeddable":true,"href":"https:\/\/economiasbioregionales.org\/en\/wp-json\/wp\/v2\/tags?post=739"}],"curies":[{"name":"wp","href":"https:\/\/api.w.org\/{rel}","templated":true}]}}