{"id":712,"date":"2019-08-08T16:49:11","date_gmt":"2019-08-08T14:49:11","guid":{"rendered":"https:\/\/economiasbioregionales.org\/?p=712"},"modified":"2022-08-08T17:04:10","modified_gmt":"2022-08-08T15:04:10","slug":"comunicacion-y-comunidad-en-mostoles-transita-2030","status":"publish","type":"post","link":"https:\/\/economiasbioregionales.org\/en\/comunicacion-y-comunidad-en-mostoles-transita-2030\/","title":{"rendered":"M\u00d3STOLES TRANSITA 2030: PARTICIPACI\u00d3N CIUDADANA"},"content":{"rendered":"<div><a href=\"https:\/\/economiasbioregionales.org\/wp-content\/uploads\/2022\/08\/Mostoles-transita-2030-peq2.jpg\"><img loading=\"lazy\" decoding=\"async\" class=\"alignnone wp-image-787\" src=\"https:\/\/economiasbioregionales.org\/wp-content\/uploads\/2022\/08\/Mostoles-transita-2030-peq2-300x89.jpg\" alt=\"\" width=\"593\" height=\"176\" srcset=\"https:\/\/economiasbioregionales.org\/wp-content\/uploads\/2022\/08\/Mostoles-transita-2030-peq2-300x89.jpg 300w, https:\/\/economiasbioregionales.org\/wp-content\/uploads\/2022\/08\/Mostoles-transita-2030-peq2.jpg 630w\" sizes=\"(max-width: 593px) 100vw, 593px\" \/><\/a><\/div>\n<div><\/div>\n<div><strong>Ongoing transition<\/strong><\/div>\n<div>M\u00f3stoles has been preparing for years for the transitions that this century requires, from its policies and public services to its business network and citizen movements. And its citizens have organised everything from reflection forums to work on sustainable development along the lines of Transition Towns.<\/div>\n<div class=\"content_wrap\">\n<div class=\"content\">\n<article class=\"itemscope post_item post_item_single post_featured_default post_format_standard post-82 page type-page status-publish hentry\">\n<section><\/section>\n<section class=\"post_content\"><a href=\"https:\/\/www.mostoles.es\/es\/ayuntamiento\/ayuntamiento\/estructura-gobierno\/concejalia-medio-ambiente-parques-jardines-limpieza-viaria\">La Concejal\u00eda de Medio Ambiente, Parques y Jardines y Limpieza Viaria del Ayuntamiento de M\u00f3stoles<\/a> has developed an eco-social transition plan tooted on the <a href=\"https:\/\/www.un.org\/sustainabledevelopment\/es\/\">los 17 grandes objetivos propuestos por Naciones Unidas en los Objetivos de Desarrollo Sostenible para el a\u00f1o 2030.<\/a>Aiming at a collective reflection about urban models with the local population and at promoting <a href=\"https:\/\/mostolestransita2030.es\/wp-content\/uploads\/2018\/11\/Plan-estrategico-Mostoles-Transita-2030_digital.pdf\" target=\"_blank\" rel=\"noopener\">Plan M\u00f3stoles Transita 2030<\/a>, a number of actions have been arranged to engage citizen participation of all communities within Mostoles<\/p>\n<p align=\"left\">More info and docs about Mostoles in Transition 2030<strong><br \/>\n<\/strong><\/p>\n<ul>\n<li><a href=\"https:\/\/mostolestransita2030.es\/wp-content\/uploads\/2018\/11\/Plan-estrategico-Mostoles-Transita-2030_digital.pdf\" target=\"_blank\" rel=\"noopener\">Plan estrat\u00e9gico <\/a><a href=\"https:\/\/mostolestransita2030.es\/wp-content\/uploads\/2018\/11\/Plan-estrategico-Mostoles-Transita-2030_digital.pdf\" target=\"_blank\" rel=\"noopener\">M\u00f3stoles Transita 2030<\/a><\/li>\n<li><a href=\"http:\/\/bit.ly\/2FkEsw4\" target=\"_blank\" rel=\"noopener\">Tu cuidad transforma el futuro<\/a><img decoding=\"async\" src=\"https:\/\/mostolestransita2030.es\/wp-content\/themes\/green\/cabeceras_paginas\/Cabecera_Pag_Consultas.jpg\" \/><\/li>\n<\/ul>\n<\/section>\n<div class=\"content_wrap\">\n<div class=\"content\">\n<article class=\"itemscope post_item post_item_single post_featured_default post_format_standard post-101 page type-page status-publish hentry\">\n<section><\/section>\n<section><\/section>\n<section class=\"post_content\">With the aim of spreading this transition plan, as well as of validating some actions, a series of actions have been devised that aim to serve as a framework for citizen consultation and reflection, focusing on three scenarios: What will M\u00f3stoles and the world be like in 2050?, M\u00f3stoles and its commitments in 2030 and Citizen actions in 2030.<strong>DEBATES P\u00daBLICOS<br \/>\n<\/strong><\/p>\n<div class=\"cabecera-pagina\">\n<p><strong>Primer debate: \u00bfC\u00f3mo ser\u00e1 el M\u00f3stoles en 2050?<\/strong><\/p>\n<div class=\"su-table\">\n<table>\n<tbody>\n<tr class=\"su-even\">\n<td><strong>S\u00e1bado 17 de noviembre | 12.00 \u2013 14.00 horas<\/strong><br \/>\n<strong>Centro Cultural Villa de M\u00f3stoles (Plaza de la Cultura s\/n)<\/strong><br \/>\n<strong>Sala de conferencias, 4\u00aa planta (accesible con rampa y ascensor)<\/strong><\/td>\n<\/tr>\n<\/tbody>\n<\/table>\n<\/div>\n<p>Abrimos la reflexi\u00f3n en torno al futuro y los grandes retos de la humanidad: alimentaci\u00f3n, biodiversidad, energ\u00eda, tecnolog\u00eda y cambio clim\u00e1tico, entre otros. Participan en este debate y compartir\u00e1n su visi\u00f3n:<\/p>\n<ul>\n<li>Margarita Mediavilla, profesora de Ingenier\u00eda de Sistemas y miembro del grupo de investigaci\u00f3n del <a href=\"http:\/\/www.eis.uva.es\/energiasostenible\/\" target=\"_blank\" rel=\"noopener\">Grupo de Energ\u00eda, Econom\u00eda y Din\u00e1mica de Sistemas de la Universidad de Valladolid<\/a>.<\/li>\n<li>Pedro Prieto, vicepresidente en la <a href=\"https:\/\/es.wikipedia.org\/w\/index.php?title=Asociaci%C3%B3n_Espa%C3%B1ola_para_el_Estudio_de_los_Recursos_Energ%C3%A9ticos&amp;action=edit&amp;redlink=1\" target=\"_blank\" rel=\"noopener\">Asociaci\u00f3n Espa\u00f1ola para el Estudio de los Recursos Energ\u00e9ticos<\/a> (AEREN) y miembro de <a href=\"https:\/\/es.wikipedia.org\/w\/index.php?title=Cient%C3%ADficos_por_el_Medio_Ambiente&amp;action=edit&amp;redlink=1\" target=\"_blank\" rel=\"noopener\">Cient\u00edficos por el Medio Ambiente<\/a> (CiMA) y del consejo internacional de <a href=\"https:\/\/es.wikipedia.org\/wiki\/Asociaci%C3%B3n_para_el_Estudio_del_Pico_del_Petr%C3%B3leo_y_del_Gas\" target=\"_blank\" rel=\"noopener\">ASPO<\/a>.<\/li>\n<li>Ana Gonz\u00e1lez, redactora y documentalista del programa de TV2 <a href=\"http:\/\/www.rtve.es\/television\/escarabajo\/\">El Escarabajo verde<\/a> y de <a href=\"http:\/\/www.academiatv.es\/bio\/gonzalez-wonham-ana\/\"><em>Elemental: claves sobre el cambio clim\u00e1tico en Espa\u00f1a<\/em><\/a><\/li>\n<\/ul>\n<\/div>\n<div class=\"content_wrap\">\n<div class=\"content\">\n<article class=\"itemscope post_item post_item_single post_featured_default post_format_standard post-98 page type-page status-publish hentry\">\n<section class=\"post_content\"><strong>Segundo debate: M\u00f3stoles y sus compromisos en 2030<\/strong><\/p>\n<div class=\"su-table\">\n<table>\n<tbody>\n<tr>\n<td><strong>Mi\u00e9rcoles 30 de enero 2019 | 19.00-21.00 horas<br \/>\nC<\/strong><strong>entro Cultural Villa de M\u00f3stoles (Plaza de la Cultura s\/n)<\/strong><br \/>\n<strong>Sala de conferencias, 4\u00aa planta (accesible con rampa y ascensor)<\/strong><\/td>\n<\/tr>\n<\/tbody>\n<\/table>\n<\/div>\n<p>En este segundo debate centramos el foco en las prioridades y medidas para hacer una transici\u00f3n ecosocial desde la ciudad y la ciudadan\u00eda de M\u00f3stoles, bajo el marco de l<a href=\"https:\/\/www.un.org\/sustainabledevelopment\/es\/\">os Objetivos de Desarrollo Sostenible (ODS) propuestos por la ONU para el a\u00f1o 2030.<\/a>Al debate asistir\u00e1n <a href=\"https:\/\/www.mostoles.es\/es\/ayuntamiento\/ayuntamiento\/corporacion-municipal\/ganar-mostoles\/biografia-miguel-angel-ortega-sanz\">Miguel \u00c1ngel Ortega Sanz, Concejal de Medio Ambiente del Ayuntamiento de M\u00f3stoles,<\/a> y <a href=\"https:\/\/www.efeverde.com\/blog\/creadoresdeopinion\/mostoles-transita\/\">Emilio Mui\u00f1o, director del \u00c1rea de Medio Ambiente del Ayuntamiento de M\u00f3stoles, que presentar\u00e1n el Plan M\u00f3stoles Transita 2030<\/a>.<\/p>\n<\/section>\n<\/article>\n<\/div>\n<\/div>\n<\/section>\n<\/article>\n<article class=\"itemscope post_item post_item_single post_featured_default post_format_standard post-101 page type-page status-publish hentry\">\n<section class=\"post_content\">\n<div class=\"content_wrap\">\n<div class=\"content\">\n<article class=\"itemscope post_item post_item_single post_featured_default post_format_standard post-98 page type-page status-publish hentry\">\n<section class=\"post_content\">A continuaci\u00f3n se desarrollar\u00e1 una din\u00e1mica de participaci\u00f3n para conocer las prioridades de la ciudadan\u00eda en materias como alimentaci\u00f3n agroecol\u00f3gica, transici\u00f3n energ\u00e9tica, movilidad sostenible, resiuduos, empleo verde o vida en com\u00fan, entre otras \u00e1reas vitales para impulsar un cambio sostenible real en la ciudad de M\u00f3stoles.<\/section>\n<p><strong>Tercer y \u00faltimo debate: Actuaciones ciudadanas en 2020<\/strong><\/p>\n<div class=\"su-table\">\n<table>\n<tbody>\n<tr class=\"su-even\">\n<td><strong>S\u00e1bado 23 de febrero 2019 | 11.00-14.00 horas<br \/>\nMuseo de la Ciudad ( <span class=\"LrzXr\">C\/ de Andr\u00e9s Torrej\u00f3n, 5)<\/span><\/strong><\/td>\n<\/tr>\n<\/tbody>\n<\/table>\n<\/div>\n<p>Recogemos los compromisos concretos que la ciudadan\u00eda y las administraciones deben asumir para llegar a ser era una ciudad sostenible en 2030.<\/p>\n<p>Este mismo d\u00eda a las 11.00 a 12.00h h se celebrar\u00e1 la entrega de premios a 15 centros escolares que han participado en el concurso por la sostenibilidad de pintura y m\u00fasica.<\/p>\n<p>Asistir\u00e1n <a href=\"https:\/\/www.mostoles.es\/es\/ayuntamiento\/ayuntamiento\/corporacion-municipal\/ganar-mostoles\/biografia-isabel-cruceta-serrano\">Isabel Cruceta, concejala de Educaci\u00f3n<\/a>, y <a href=\"http:\/\/www.ganarmostoles.org\/emilio-santiago-muino\/\">Emilio Santiago Mui\u00f1o, director del \u00e1rea de Medio Ambiente<\/a> y <a href=\"https:\/\/www.mostoles.es\/es\/ayuntamiento\/ayuntamiento\/corporacion-municipal\/ganar-mostoles\/biografia-gabriel-ortega-sanz\">Gabriel Ortega, segundo teniente de Alcalde del Ayuntamiento de M\u00f3stoles<\/a>.<\/p>\n<p>Puedes ver un resumen de este debate en <a href=\"https:\/\/www.youtube.com\/watch?v=RxKxBbSDGQw&amp;list=PLvMT0d62IiIm9SZKyHu2fXQhL6wTRaQTq\" target=\"_blank\" rel=\"noopener\">nuestro canal de Youtube<\/a>.<\/p>\n<\/article>\n<\/div>\n<\/div>\n<p><strong>CONSULTAS ONLINE<br \/>\n<\/strong><\/p>\n<div class=\"content_wrap\">\n<div class=\"content\">\n<article class=\"itemscope post_item post_item_single post_featured_default post_format_standard post-101 page type-page status-publish hentry\">\n<section class=\"post_content\">Activar la reflexi\u00f3n ciudadana entorno a los riesgos y retos del momento hist\u00f3rico, y preparar el proceso de participaci\u00f3n entorno a las prioridades par implementar los Objetivos de Desarrollo Sostenible que propone la ONU para 2030 y priorizar medidas pol\u00edticas.En este apartado se han realizado preguntas en tres escenarios:<a href=\"https:\/\/mostolestransita2030.es\/primera-consulta-como-sera-el-mundo-y-mostoles-en-2050\/\">Participa en la primera consulta ciudadana: \u00bfC\u00f3mo ser\u00e1 M\u00f3stoles y el mundo en 2050?<\/a><a href=\"https:\/\/mostolestransita2030.es\/segunda-consulta-mostoles-y-sus-compromisos-en-2030\/\">Participa en la segunda consulta ciudadana: M\u00f3stoles y sus compromisos en 2030<\/a><a href=\"https:\/\/mostolestransita2030.es\/tercera-consulta\/\">Participa en la tercera consulta ciudadana: Actuaciones ciudadanas en 2030<\/a><\/p>\n<\/section>\n<\/article>\n<\/div>\n<\/div>\n<p><strong>Concurso de sostenibilidad en escuelas de primaria e institutos<\/strong><\/p>\n<p>\u00bfC\u00f3mo imaginas M\u00f3stoles en el a\u00f1o 2030? \u00bfQu\u00e9 necesita para ser una ciudad m\u00e1s sostenible? \u00bfC\u00f3mo te ves en esta ciudad m\u00e1s sostenible? \u00bfC\u00f3mo desde el colegio o instituto se puede contribuir a la sostenibilidad de nuestra ciudad?<\/p>\n<p>Estas son algunas de las preguntas que, desde la Concejal\u00eda de Medio Ambiente junto con la Concejal\u00eda de Educaci\u00f3n, hemos compartido con el ecosistema escolar. Tambi\u00e9n les hemos propuesto que las respondan de manera creativa, con un mural o una canci\u00f3n, en un concurso por la sostenibilidad poniendo el foco en tan vitales como la alimentaci\u00f3n, la energ\u00eda, la movilidad, la econom\u00eda circular, la reducci\u00f3n de residuos, la econom\u00eda verde y la buena vida, en el marco de los Objetivos de Desarrollo Sostenible 2030 de Naciones Unidas.<\/p>\n<\/section>\n<p><strong>&gt; M\u00e1s<\/strong> <strong>informaci\u00f3n<\/strong>: https:\/\/www.mostoles.es\/es\/ayuntamiento\/ayuntamiento\/estructura-gobierno\/concejalia-medio-ambiente-parques-jardines-limpieza-viaria\/menu-concejalia\/mostoles-2030-ciudad-transicion<\/p>\n<\/article>\n<\/div>\n<\/div>\n<\/article>\n<\/div>\n<\/div>","protected":false},"excerpt":{"rendered":"<p>La transici\u00f3n en marcha M\u00f3stoles lleva a\u00f1os prepar\u00e1ndose para la transiciones que requiere este siglo, desde sus pol\u00edticas y servicios p\u00fablicos, al tejido empresarial o los movimientos ciudadanos. Y su ciudadan\u00eda ha organizado desde foros de reflexi\u00f3n a trabajo sobre desarrollo sostenible en la l\u00ednea de las Ciudades en Transici\u00f3n (Transition Towns). La Concejal\u00eda de [&hellip;]<\/p>","protected":false},"author":2,"featured_media":790,"comment_status":"closed","ping_status":"open","sticky":false,"template":"","format":"standard","meta":{"_et_pb_use_builder":"","_et_pb_old_content":"","_et_gb_content_width":"","footnotes":""},"categories":[10,11,9],"tags":[],"class_list":["post-712","post","type-post","status-publish","format-standard","has-post-thumbnail","hentry","category-blog","category-formacion","category-proyectos"],"yoast_head":"<!-- This site is optimized with the Yoast SEO plugin v24.5 - https:\/\/yoast.com\/wordpress\/plugins\/seo\/ -->\n<title>M\u00d3STOLES TRANSITA 2030: PARTICIPACI\u00d3N CIUDADANA - Econom\u00edas BioRegionales<\/title>\n<meta name=\"robots\" content=\"index, follow, max-snippet:-1, max-image-preview:large, max-video-preview:-1\" \/>\n<link rel=\"canonical\" href=\"https:\/\/economiasbioregionales.org\/en\/comunicacion-y-comunidad-en-mostoles-transita-2030\/\" \/>\n<meta property=\"og:locale\" content=\"en_GB\" \/>\n<meta property=\"og:type\" content=\"article\" \/>\n<meta property=\"og:title\" content=\"M\u00d3STOLES TRANSITA 2030: PARTICIPACI\u00d3N CIUDADANA - Econom\u00edas BioRegionales\" \/>\n<meta property=\"og:description\" content=\"La transici\u00f3n en marcha M\u00f3stoles lleva a\u00f1os prepar\u00e1ndose para la transiciones que requiere este siglo, desde sus pol\u00edticas y servicios p\u00fablicos, al tejido empresarial o los movimientos ciudadanos. Y su ciudadan\u00eda ha organizado desde foros de reflexi\u00f3n a trabajo sobre desarrollo sostenible en la l\u00ednea de las Ciudades en Transici\u00f3n (Transition Towns). La Concejal\u00eda de [&hellip;]\" \/>\n<meta property=\"og:url\" content=\"https:\/\/economiasbioregionales.org\/en\/comunicacion-y-comunidad-en-mostoles-transita-2030\/\" \/>\n<meta property=\"og:site_name\" content=\"Econom\u00edas BioRegionales\" \/>\n<meta property=\"article:publisher\" content=\"https:\/\/www.facebook.com\/EconomiasBioRegionales\/\" \/>\n<meta property=\"article:published_time\" content=\"2019-08-08T14:49:11+00:00\" \/>\n<meta property=\"article:modified_time\" content=\"2022-08-08T15:04:10+00:00\" \/>\n<meta property=\"og:image\" content=\"https:\/\/economiasbioregionales.org\/wp-content\/uploads\/2022\/08\/Mostoles-transita-2030-peq4.jpg\" \/>\n\t<meta property=\"og:image:width\" content=\"590\" \/>\n\t<meta property=\"og:image:height\" content=\"608\" \/>\n\t<meta property=\"og:image:type\" content=\"image\/jpeg\" \/>\n<meta name=\"author\" content=\"bioregional\" \/>\n<meta name=\"twitter:card\" content=\"summary_large_image\" \/>\n<meta name=\"twitter:creator\" content=\"@E_BioReg\" \/>\n<meta name=\"twitter:site\" content=\"@E_BioReg\" \/>\n<meta name=\"twitter:label1\" content=\"Written by\" \/>\n\t<meta name=\"twitter:data1\" content=\"bioregional\" \/>\n\t<meta name=\"twitter:label2\" content=\"Estimated reading time\" \/>\n\t<meta name=\"twitter:data2\" content=\"5 minutes\" \/>\n<script type=\"application\/ld+json\" class=\"yoast-schema-graph\">{\"@context\":\"https:\/\/schema.org\",\"@graph\":[{\"@type\":\"Article\",\"@id\":\"https:\/\/economiasbioregionales.org\/comunicacion-y-comunidad-en-mostoles-transita-2030\/#article\",\"isPartOf\":{\"@id\":\"https:\/\/economiasbioregionales.org\/comunicacion-y-comunidad-en-mostoles-transita-2030\/\"},\"author\":{\"name\":\"bioregional\",\"@id\":\"https:\/\/economiasbioregionales.org\/#\/schema\/person\/e69d2d9cd485096b833832c9eb2bb644\"},\"headline\":\"M\u00d3STOLES TRANSITA 2030: PARTICIPACI\u00d3N CIUDADANA\",\"datePublished\":\"2019-08-08T14:49:11+00:00\",\"dateModified\":\"2022-08-08T15:04:10+00:00\",\"mainEntityOfPage\":{\"@id\":\"https:\/\/economiasbioregionales.org\/comunicacion-y-comunidad-en-mostoles-transita-2030\/\"},\"wordCount\":968,\"publisher\":{\"@id\":\"https:\/\/economiasbioregionales.org\/#organization\"},\"image\":{\"@id\":\"https:\/\/economiasbioregionales.org\/comunicacion-y-comunidad-en-mostoles-transita-2030\/#primaryimage\"},\"thumbnailUrl\":\"https:\/\/economiasbioregionales.org\/wp-content\/uploads\/2022\/08\/Mostoles-transita-2030-peq4.jpg\",\"articleSection\":[\"BLOG\",\"FORMACION\",\"PROYECTOS\"],\"inLanguage\":\"en-GB\"},{\"@type\":\"WebPage\",\"@id\":\"https:\/\/economiasbioregionales.org\/comunicacion-y-comunidad-en-mostoles-transita-2030\/\",\"url\":\"https:\/\/economiasbioregionales.org\/comunicacion-y-comunidad-en-mostoles-transita-2030\/\",\"name\":\"M\u00d3STOLES TRANSITA 2030: PARTICIPACI\u00d3N CIUDADANA - Econom\u00edas BioRegionales\",\"isPartOf\":{\"@id\":\"https:\/\/economiasbioregionales.org\/#website\"},\"primaryImageOfPage\":{\"@id\":\"https:\/\/economiasbioregionales.org\/comunicacion-y-comunidad-en-mostoles-transita-2030\/#primaryimage\"},\"image\":{\"@id\":\"https:\/\/economiasbioregionales.org\/comunicacion-y-comunidad-en-mostoles-transita-2030\/#primaryimage\"},\"thumbnailUrl\":\"https:\/\/economiasbioregionales.org\/wp-content\/uploads\/2022\/08\/Mostoles-transita-2030-peq4.jpg\",\"datePublished\":\"2019-08-08T14:49:11+00:00\",\"dateModified\":\"2022-08-08T15:04:10+00:00\",\"breadcrumb\":{\"@id\":\"https:\/\/economiasbioregionales.org\/comunicacion-y-comunidad-en-mostoles-transita-2030\/#breadcrumb\"},\"inLanguage\":\"en-GB\",\"potentialAction\":[{\"@type\":\"ReadAction\",\"target\":[\"https:\/\/economiasbioregionales.org\/comunicacion-y-comunidad-en-mostoles-transita-2030\/\"]}]},{\"@type\":\"ImageObject\",\"inLanguage\":\"en-GB\",\"@id\":\"https:\/\/economiasbioregionales.org\/comunicacion-y-comunidad-en-mostoles-transita-2030\/#primaryimage\",\"url\":\"https:\/\/economiasbioregionales.org\/wp-content\/uploads\/2022\/08\/Mostoles-transita-2030-peq4.jpg\",\"contentUrl\":\"https:\/\/economiasbioregionales.org\/wp-content\/uploads\/2022\/08\/Mostoles-transita-2030-peq4.jpg\",\"width\":590,\"height\":608},{\"@type\":\"BreadcrumbList\",\"@id\":\"https:\/\/economiasbioregionales.org\/comunicacion-y-comunidad-en-mostoles-transita-2030\/#breadcrumb\",\"itemListElement\":[{\"@type\":\"ListItem\",\"position\":1,\"name\":\"EBR\",\"item\":\"https:\/\/economiasbioregionales.org\/\"},{\"@type\":\"ListItem\",\"position\":2,\"name\":\"BLOG\",\"item\":\"https:\/\/economiasbioregionales.org\/category\/blog\/\"},{\"@type\":\"ListItem\",\"position\":3,\"name\":\"M\u00d3STOLES TRANSITA 2030: PARTICIPACI\u00d3N CIUDADANA\"}]},{\"@type\":\"WebSite\",\"@id\":\"https:\/\/economiasbioregionales.org\/#website\",\"url\":\"https:\/\/economiasbioregionales.org\/\",\"name\":\"Econom\u00edas BioRegionales\",\"description\":\"Econom\u00eda circular, sistemas alimentarios locales, monedas sociales, comunicaci\u00f3n y comunidad\",\"publisher\":{\"@id\":\"https:\/\/economiasbioregionales.org\/#organization\"},\"potentialAction\":[{\"@type\":\"SearchAction\",\"target\":{\"@type\":\"EntryPoint\",\"urlTemplate\":\"https:\/\/economiasbioregionales.org\/?s={search_term_string}\"},\"query-input\":{\"@type\":\"PropertyValueSpecification\",\"valueRequired\":true,\"valueName\":\"search_term_string\"}}],\"inLanguage\":\"en-GB\"},{\"@type\":\"Organization\",\"@id\":\"https:\/\/economiasbioregionales.org\/#organization\",\"name\":\"Econom\u00edas BioRegionales\",\"url\":\"https:\/\/economiasbioregionales.org\/\",\"logo\":{\"@type\":\"ImageObject\",\"inLanguage\":\"en-GB\",\"@id\":\"https:\/\/economiasbioregionales.org\/#\/schema\/logo\/image\/\",\"url\":\"https:\/\/economiasbioregionales.org\/wp-content\/uploads\/2017\/11\/eBR_cabecera-e1515058375551.png\",\"contentUrl\":\"https:\/\/economiasbioregionales.org\/wp-content\/uploads\/2017\/11\/eBR_cabecera-e1515058375551.png\",\"width\":361,\"height\":168,\"caption\":\"Econom\u00edas BioRegionales\"},\"image\":{\"@id\":\"https:\/\/economiasbioregionales.org\/#\/schema\/logo\/image\/\"},\"sameAs\":[\"https:\/\/www.facebook.com\/EconomiasBioRegionales\/\",\"https:\/\/x.com\/E_BioReg\",\"https:\/\/www.linkedin.com\/company\/economiaseioregionales\/\"]},{\"@type\":\"Person\",\"@id\":\"https:\/\/economiasbioregionales.org\/#\/schema\/person\/e69d2d9cd485096b833832c9eb2bb644\",\"name\":\"bioregional\",\"image\":{\"@type\":\"ImageObject\",\"inLanguage\":\"en-GB\",\"@id\":\"https:\/\/economiasbioregionales.org\/#\/schema\/person\/image\/\",\"url\":\"https:\/\/secure.gravatar.com\/avatar\/136ab64408f4a0f270ea1527258b6cf9?s=96&d=mm&r=g\",\"contentUrl\":\"https:\/\/secure.gravatar.com\/avatar\/136ab64408f4a0f270ea1527258b6cf9?s=96&d=mm&r=g\",\"caption\":\"bioregional\"},\"url\":\"https:\/\/economiasbioregionales.org\/en\/author\/monicacuende_q416k1w8\/\"}]}<\/script>\n<!-- \/ Yoast SEO plugin. -->","yoast_head_json":{"title":"M\u00d3STOLES TRANSITA 2030: PARTICIPACI\u00d3N CIUDADANA - Econom\u00edas BioRegionales","robots":{"index":"index","follow":"follow","max-snippet":"max-snippet:-1","max-image-preview":"max-image-preview:large","max-video-preview":"max-video-preview:-1"},"canonical":"https:\/\/economiasbioregionales.org\/en\/comunicacion-y-comunidad-en-mostoles-transita-2030\/","og_locale":"en_GB","og_type":"article","og_title":"M\u00d3STOLES TRANSITA 2030: PARTICIPACI\u00d3N CIUDADANA - Econom\u00edas BioRegionales","og_description":"La transici\u00f3n en marcha M\u00f3stoles lleva a\u00f1os prepar\u00e1ndose para la transiciones que requiere este siglo, desde sus pol\u00edticas y servicios p\u00fablicos, al tejido empresarial o los movimientos ciudadanos. Y su ciudadan\u00eda ha organizado desde foros de reflexi\u00f3n a trabajo sobre desarrollo sostenible en la l\u00ednea de las Ciudades en Transici\u00f3n (Transition Towns). La Concejal\u00eda de [&hellip;]","og_url":"https:\/\/economiasbioregionales.org\/en\/comunicacion-y-comunidad-en-mostoles-transita-2030\/","og_site_name":"Econom\u00edas BioRegionales","article_publisher":"https:\/\/www.facebook.com\/EconomiasBioRegionales\/","article_published_time":"2019-08-08T14:49:11+00:00","article_modified_time":"2022-08-08T15:04:10+00:00","og_image":[{"width":590,"height":608,"url":"https:\/\/economiasbioregionales.org\/wp-content\/uploads\/2022\/08\/Mostoles-transita-2030-peq4.jpg","type":"image\/jpeg"}],"author":"bioregional","twitter_card":"summary_large_image","twitter_creator":"@E_BioReg","twitter_site":"@E_BioReg","twitter_misc":{"Written by":"bioregional","Estimated reading time":"5 minutes"},"schema":{"@context":"https:\/\/schema.org","@graph":[{"@type":"Article","@id":"https:\/\/economiasbioregionales.org\/comunicacion-y-comunidad-en-mostoles-transita-2030\/#article","isPartOf":{"@id":"https:\/\/economiasbioregionales.org\/comunicacion-y-comunidad-en-mostoles-transita-2030\/"},"author":{"name":"bioregional","@id":"https:\/\/economiasbioregionales.org\/#\/schema\/person\/e69d2d9cd485096b833832c9eb2bb644"},"headline":"M\u00d3STOLES TRANSITA 2030: PARTICIPACI\u00d3N CIUDADANA","datePublished":"2019-08-08T14:49:11+00:00","dateModified":"2022-08-08T15:04:10+00:00","mainEntityOfPage":{"@id":"https:\/\/economiasbioregionales.org\/comunicacion-y-comunidad-en-mostoles-transita-2030\/"},"wordCount":968,"publisher":{"@id":"https:\/\/economiasbioregionales.org\/#organization"},"image":{"@id":"https:\/\/economiasbioregionales.org\/comunicacion-y-comunidad-en-mostoles-transita-2030\/#primaryimage"},"thumbnailUrl":"https:\/\/economiasbioregionales.org\/wp-content\/uploads\/2022\/08\/Mostoles-transita-2030-peq4.jpg","articleSection":["BLOG","FORMACION","PROYECTOS"],"inLanguage":"en-GB"},{"@type":"WebPage","@id":"https:\/\/economiasbioregionales.org\/comunicacion-y-comunidad-en-mostoles-transita-2030\/","url":"https:\/\/economiasbioregionales.org\/comunicacion-y-comunidad-en-mostoles-transita-2030\/","name":"M\u00d3STOLES TRANSITA 2030: PARTICIPACI\u00d3N CIUDADANA - Econom\u00edas BioRegionales","isPartOf":{"@id":"https:\/\/economiasbioregionales.org\/#website"},"primaryImageOfPage":{"@id":"https:\/\/economiasbioregionales.org\/comunicacion-y-comunidad-en-mostoles-transita-2030\/#primaryimage"},"image":{"@id":"https:\/\/economiasbioregionales.org\/comunicacion-y-comunidad-en-mostoles-transita-2030\/#primaryimage"},"thumbnailUrl":"https:\/\/economiasbioregionales.org\/wp-content\/uploads\/2022\/08\/Mostoles-transita-2030-peq4.jpg","datePublished":"2019-08-08T14:49:11+00:00","dateModified":"2022-08-08T15:04:10+00:00","breadcrumb":{"@id":"https:\/\/economiasbioregionales.org\/comunicacion-y-comunidad-en-mostoles-transita-2030\/#breadcrumb"},"inLanguage":"en-GB","potentialAction":[{"@type":"ReadAction","target":["https:\/\/economiasbioregionales.org\/comunicacion-y-comunidad-en-mostoles-transita-2030\/"]}]},{"@type":"ImageObject","inLanguage":"en-GB","@id":"https:\/\/economiasbioregionales.org\/comunicacion-y-comunidad-en-mostoles-transita-2030\/#primaryimage","url":"https:\/\/economiasbioregionales.org\/wp-content\/uploads\/2022\/08\/Mostoles-transita-2030-peq4.jpg","contentUrl":"https:\/\/economiasbioregionales.org\/wp-content\/uploads\/2022\/08\/Mostoles-transita-2030-peq4.jpg","width":590,"height":608},{"@type":"BreadcrumbList","@id":"https:\/\/economiasbioregionales.org\/comunicacion-y-comunidad-en-mostoles-transita-2030\/#breadcrumb","itemListElement":[{"@type":"ListItem","position":1,"name":"EBR","item":"https:\/\/economiasbioregionales.org\/"},{"@type":"ListItem","position":2,"name":"BLOG","item":"https:\/\/economiasbioregionales.org\/category\/blog\/"},{"@type":"ListItem","position":3,"name":"M\u00d3STOLES TRANSITA 2030: PARTICIPACI\u00d3N CIUDADANA"}]},{"@type":"WebSite","@id":"https:\/\/economiasbioregionales.org\/#website","url":"https:\/\/economiasbioregionales.org\/","name":"Econom\u00edas BioRegionales","description":"Econom\u00eda circular, sistemas alimentarios locales, monedas sociales, comunicaci\u00f3n y comunidad","publisher":{"@id":"https:\/\/economiasbioregionales.org\/#organization"},"potentialAction":[{"@type":"SearchAction","target":{"@type":"EntryPoint","urlTemplate":"https:\/\/economiasbioregionales.org\/?s={search_term_string}"},"query-input":{"@type":"PropertyValueSpecification","valueRequired":true,"valueName":"search_term_string"}}],"inLanguage":"en-GB"},{"@type":"Organization","@id":"https:\/\/economiasbioregionales.org\/#organization","name":"Econom\u00edas BioRegionales","url":"https:\/\/economiasbioregionales.org\/","logo":{"@type":"ImageObject","inLanguage":"en-GB","@id":"https:\/\/economiasbioregionales.org\/#\/schema\/logo\/image\/","url":"https:\/\/economiasbioregionales.org\/wp-content\/uploads\/2017\/11\/eBR_cabecera-e1515058375551.png","contentUrl":"https:\/\/economiasbioregionales.org\/wp-content\/uploads\/2017\/11\/eBR_cabecera-e1515058375551.png","width":361,"height":168,"caption":"Econom\u00edas BioRegionales"},"image":{"@id":"https:\/\/economiasbioregionales.org\/#\/schema\/logo\/image\/"},"sameAs":["https:\/\/www.facebook.com\/EconomiasBioRegionales\/","https:\/\/x.com\/E_BioReg","https:\/\/www.linkedin.com\/company\/economiaseioregionales\/"]},{"@type":"Person","@id":"https:\/\/economiasbioregionales.org\/#\/schema\/person\/e69d2d9cd485096b833832c9eb2bb644","name":"bioregional","image":{"@type":"ImageObject","inLanguage":"en-GB","@id":"https:\/\/economiasbioregionales.org\/#\/schema\/person\/image\/","url":"https:\/\/secure.gravatar.com\/avatar\/136ab64408f4a0f270ea1527258b6cf9?s=96&d=mm&r=g","contentUrl":"https:\/\/secure.gravatar.com\/avatar\/136ab64408f4a0f270ea1527258b6cf9?s=96&d=mm&r=g","caption":"bioregional"},"url":"https:\/\/economiasbioregionales.org\/en\/author\/monicacuende_q416k1w8\/"}]}},"_links":{"self":[{"href":"https:\/\/economiasbioregionales.org\/en\/wp-json\/wp\/v2\/posts\/712","targetHints":{"allow":["GET"]}}],"collection":[{"href":"https:\/\/economiasbioregionales.org\/en\/wp-json\/wp\/v2\/posts"}],"about":[{"href":"https:\/\/economiasbioregionales.org\/en\/wp-json\/wp\/v2\/types\/post"}],"author":[{"embeddable":true,"href":"https:\/\/economiasbioregionales.org\/en\/wp-json\/wp\/v2\/users\/2"}],"replies":[{"embeddable":true,"href":"https:\/\/economiasbioregionales.org\/en\/wp-json\/wp\/v2\/comments?post=712"}],"version-history":[{"count":10,"href":"https:\/\/economiasbioregionales.org\/en\/wp-json\/wp\/v2\/posts\/712\/revisions"}],"predecessor-version":[{"id":1157,"href":"https:\/\/economiasbioregionales.org\/en\/wp-json\/wp\/v2\/posts\/712\/revisions\/1157"}],"wp:featuredmedia":[{"embeddable":true,"href":"https:\/\/economiasbioregionales.org\/en\/wp-json\/wp\/v2\/media\/790"}],"wp:attachment":[{"href":"https:\/\/economiasbioregionales.org\/en\/wp-json\/wp\/v2\/media?parent=712"}],"wp:term":[{"taxonomy":"category","embeddable":true,"href":"https:\/\/economiasbioregionales.org\/en\/wp-json\/wp\/v2\/categories?post=712"},{"taxonomy":"post_tag","embeddable":true,"href":"https:\/\/economiasbioregionales.org\/en\/wp-json\/wp\/v2\/tags?post=712"}],"curies":[{"name":"wp","href":"https:\/\/api.w.org\/{rel}","templated":true}]}}