{"id":623,"date":"2018-07-05T08:41:47","date_gmt":"2018-07-05T06:41:47","guid":{"rendered":"https:\/\/economiasbioregionales.org\/?p=623"},"modified":"2018-10-15T08:46:08","modified_gmt":"2018-10-15T06:46:08","slug":"creacion-del-grupo-operativo-supraautonomico-de-agrocompostaje","status":"publish","type":"post","link":"https:\/\/economiasbioregionales.org\/en\/creacion-del-grupo-operativo-supraautonomico-de-agrocompostaje\/","title":{"rendered":"CREACI\u00d3N DEL GRUPO OPERATIVO SUPRAAUTON\u00d3MICO DE AGROCOMPOSTAJEmpostaje"},"content":{"rendered":"<p><a href=\"https:\/\/economiasbioregionales.org\/wp-content\/uploads\/2018\/10\/imagen-GO-Agrocompostaje.jpg\"><img loading=\"lazy\" decoding=\"async\" class=\"aligncenter wp-image-624\" src=\"https:\/\/economiasbioregionales.org\/wp-content\/uploads\/2018\/10\/imagen-GO-Agrocompostaje.jpg\" alt=\"\" width=\"717\" height=\"506\" \/><\/a><\/p>\n<p>Desde la Sociedad Espa\u00f1ola de Agricultura Ecol\u00f3gica, la asociaci\u00f3n Econom\u00edas BioRegioanles y diversas, entidades y empresas en la Comunidad Valenciana (La Uni\u00f3 de Llauradors), Euskadi (Gurpide), Castilla La Mancha (Mancomunidad Vega del Henares) y Canarias (ADER La Palma), Galicia (Calfensa) estamos explorando a trav\u00e9s de un proyecto estatal de <strong>Grupo Operativo AGROCOMPOSTAJE<\/strong>, nuevas posibilidades de compostaje descentralizado y de proximidad, y particularmente del agrocompostaje por parte de titulares de fincas agr\u00edcolas y ganaderas, como una modalidad para tratar la materia org\u00e1nica de los residuos urbanos, contribuyendo a generar rentas complementarias, mejorando la fertilidad de la tierra y reduciendo costes de recogida y tratamiento de esta fracci\u00f3n para los municipios.<\/p>\n<hr \/>\n<p><strong>OBJETIVOS<\/strong><\/p>\n<p>GENERAL: La b\u00fasqueda de rentas complementarias para las peque\u00f1as explotaciones y la necesidad de dar salida en clave de econom\u00eda circular a los residuos org\u00e1nicos municipales cerrando los ciclos del carbono de modo m\u00e1s eficiente econ\u00f3mica y clim\u00e1ticamente.<\/p>\n<p>ESPEC\u00cdFICOS:<\/p>\n<ul>\n<li>Analizar, validar y escalar la posibilidad del agrocompostaje a titulares de explotaciones como fuente de ingresos complementarios.<\/li>\n<li>Generar polos territoriales concretos y operativos de desarrollo del agrocompostaje en diferentes Comunidades Aut\u00f3nomas, identificando y mediando entre oferta y demanda.<\/li>\n<li>Validar y transferir la experiencia a las pol\u00edticas de gesti\u00f3n de residuos y de desarrollo rural y cambio clim\u00e1tico y apoyo al sector ecol\u00f3gico.<\/li>\n<\/ul>\n<hr \/>\n<p><strong>RESULTADOS<\/strong><\/p>\n<ul>\n<li>Informes de an\u00e1lisis de casos, y del impacto en t\u00e9rminos de renta agr\u00edcola y de gastos e inversiones para los titulares de explotaciones<\/li>\n<li>Haber generado la definici\u00f3n de polos de desarrollo agrocompostador y propuestas normativas en 5 comunidades aut\u00f3nomas<\/li>\n<li>Haber transferido la experiencia a planes de residuos y de desarrollo rural, y al desarrollo de las normativas de econom\u00eda circular de la materia org\u00e1nica<\/li>\n<\/ul>\n<hr \/>\n<p><strong>CUESTIONARIOS<\/strong><\/p>\n<p>El objetivo de estos cuestionarios es identificar inter\u00e9s y potencialidad de crear una red estatal piloto de municipios y de agricultores\/ganaderos como ya existen en Francia, Austria o B\u00e9lgica.<\/p>\n<p><a href=\"https:\/\/goo.gl\/forms\/80IQ38i1Ec4eMoU92\" target=\"_blank\" rel=\"noopener\"><strong>Cuestionario para municipios: <\/strong><strong>Explorando el agrocompostaje como alternativa para la gesti\u00f3n municipal de residuos<\/strong><\/a><\/p>\n<p><a href=\"https:\/\/goo.gl\/forms\/AnvrcpGrvWUj7Vj73\" target=\"_blank\" rel=\"noopener\"><strong>Cuestionario para agricultores: <\/strong><strong>Explorando el agrocompostaje como alternativa de diversificaci\u00f3n de rentas agrarias<\/strong><\/a><\/p>\n<p>Puedes colaborar en difundir estos cuestionarios enviando <a href=\"https:\/\/www.agroecologia.net\/wp-content\/uploads\/2018\/07\/hoja-envio-cuestionario.pdf\" target=\"_blank\" rel=\"noopener\">este documento a tus contactos<\/a><\/p>\n<hr \/>\n<p><strong>ACTIVIDADES RELACIONADAS<\/strong><\/p>\n<ul>\n<li><a href=\"https:\/\/www.agroecologia.net\/evento\/jornada-agrocompostaje-guadalajara\/\" target=\"_blank\" rel=\"noopener\">Jornada de Agrocompostaje: Alternativa de diversificaci\u00f3n y mejora de renta para productores agrarios. Azuqueca (Guadalajara), 4 de julio de 2018.<\/a>\u00a0 <a href=\"https:\/\/photos.app.goo.gl\/fxAMqmVfS9EG56YcA\" target=\"_blank\" rel=\"noopener\">Material fotogr\u00e1fico<\/a><a href=\"https:\/\/www.youtube.com\/watch?v=_OfUk_XkMKc&amp;feature=youtu.be\" target=\"_blank\" rel=\"noopener\">,V\u00eddeo<\/a><\/li>\n<li>Reuni\u00f3n informativa. Valencia, 14 de julio de 2018<\/li>\n<li>Reuni\u00f3n informativa. Utiel (Valencia), 3 de agosto de 2018.<\/li>\n<li><a href=\"https:\/\/www.agroecologia.net\/evento\/encuentro-agrocompostaje-hondon\/\" target=\"_blank\" rel=\"noopener\">Encuentro informativo. Fond\u00f3 de les Neus (Alicante), 22 de agosto de 2018<\/a><\/li>\n<li><a href=\"https:\/\/www.agroecologia.net\/wp-content\/uploads\/2018\/07\/reunion-informativa-guadalajara.pdf\" target=\"_blank\" rel=\"noopener\">Reuni\u00f3n informativa. MArchamalo (Guadalajara), 24 de agosto de 2018<\/a><\/li>\n<li>Reuni\u00f3n informativa. Ordu\u00f1a (Vizcaya), 29 de agosto de 2018<\/li>\n<li><a href=\"https:\/\/www.agroecologia.net\/evento\/encuentro-agrocompostaje-galicia\/\" target=\"_blank\" rel=\"noopener\">Reuni\u00f3n informativa. Santa Comba (Lugo), 20 de septiembre de 2018.<\/a><\/li>\n<li>Otras actividades:\n<ul>\n<li><a href=\"https:\/\/youtu.be\/ZeajO9LyirI\" target=\"_blank\" rel=\"noopener\">Experiencia de Henares #Agrocomposta en finca de AFAUS<\/a><\/li>\n<li><a href=\"https:\/\/youtu.be\/pMchy3fE390\" target=\"_blank\" rel=\"noopener\">Experiencia de agrocompostaje en la planta Tijarafe en La Palma #agrocomposta<\/a><\/li>\n<\/ul>\n<\/li>\n<\/ul>\n<hr \/>\n<p><strong>NOTICIAS RELACIONADAS<\/strong><\/p>\n<p align=\"left\"><span style=\"color: #000000;\"><span style=\"font-family: Roboto Light;\"><span style=\"font-size: small;\"><a href=\"https:\/\/www.efeverde.com\/noticias\/agrocompostador-renta\/\">https:\/\/www.efeverde.com\/noticias\/agrocompostador-renta\/<\/a><\/span><\/span><\/span><\/p>\n<p align=\"left\"><span style=\"color: #000000;\"><span style=\"font-family: Roboto Light;\"><span style=\"font-size: small;\"><a href=\"http:\/\/www.agronewscastillayleon.com\/crece-el-interes-entre-agricultores-por-el-agrocompostaje\">http:\/\/www.agronewscastillayleon.com\/crece-el-interes-entre-agricultores-por-el-agrocompostaje<\/a><\/span><\/span><\/span><\/p>\n<p align=\"left\"><span style=\"color: #000000;\"><span style=\"font-family: Roboto Light;\"><span style=\"font-size: small;\"><a href=\"http:\/\/www.campogalego.com\/es\/desarrollo-rural\/el-agrocompostaje-un-posible-complemento-de-renta-en-el-campo\/\">http:\/\/www.campogalego.com\/es\/desarrollo-rural\/el-agrocompostaje-un-posible-complemento-de-renta-en-el-campo\/<\/a><\/span><\/span><\/span><\/p>\n<hr \/>\n<p><strong>M\u00c1S INFORMACI\u00d3N<\/strong><\/p>\n<p><a href=\"mailto:coordinacion@economiasbioregionales.org\">coordinacion@economiasbioregionales.org<\/a><\/p>\n<hr \/>\n<p><a href=\"https:\/\/economiasbioregionales.org\/wp-content\/uploads\/2018\/10\/Captura-de-pantalla-de-2018-10-09-19-35-50-e1539106591484.png\"><img loading=\"lazy\" decoding=\"async\" class=\"aligncenter wp-image-578 size-full\" src=\"https:\/\/economiasbioregionales.org\/wp-content\/uploads\/2018\/10\/Captura-de-pantalla-de-2018-10-09-19-35-50-e1539106591484.png\" alt=\"\" width=\"1263\" height=\"498\" srcset=\"https:\/\/economiasbioregionales.org\/wp-content\/uploads\/2018\/10\/Captura-de-pantalla-de-2018-10-09-19-35-50-e1539106591484.png 1263w, https:\/\/economiasbioregionales.org\/wp-content\/uploads\/2018\/10\/Captura-de-pantalla-de-2018-10-09-19-35-50-e1539106591484-300x118.png 300w, https:\/\/economiasbioregionales.org\/wp-content\/uploads\/2018\/10\/Captura-de-pantalla-de-2018-10-09-19-35-50-e1539106591484-768x303.png 768w, https:\/\/economiasbioregionales.org\/wp-content\/uploads\/2018\/10\/Captura-de-pantalla-de-2018-10-09-19-35-50-e1539106591484-1024x404.png 1024w, https:\/\/economiasbioregionales.org\/wp-content\/uploads\/2018\/10\/Captura-de-pantalla-de-2018-10-09-19-35-50-e1539106591484-640x252.png 640w\" sizes=\"(max-width: 1263px) 100vw, 1263px\" \/><\/a><\/p>","protected":false},"excerpt":{"rendered":"<p>Desde la Sociedad Espa\u00f1ola de Agricultura Ecol\u00f3gica, la asociaci\u00f3n Econom\u00edas BioRegioanles y diversas, entidades y empresas en la Comunidad Valenciana (La Uni\u00f3 de Llauradors), Euskadi (Gurpide), Castilla La Mancha (Mancomunidad Vega del Henares) y Canarias (ADER La Palma), Galicia (Calfensa) estamos explorando a trav\u00e9s de un proyecto estatal de Grupo Operativo AGROCOMPOSTAJE, nuevas posibilidades de [&hellip;]<\/p>","protected":false},"author":2,"featured_media":624,"comment_status":"closed","ping_status":"open","sticky":false,"template":"","format":"standard","meta":{"_et_pb_use_builder":"","_et_pb_old_content":"","_et_gb_content_width":"","footnotes":""},"categories":[1],"tags":[],"class_list":["post-623","post","type-post","status-publish","format-standard","has-post-thumbnail","hentry","category-uncategorized"],"yoast_head":"<!-- This site is optimized with the Yoast SEO plugin v24.5 - https:\/\/yoast.com\/wordpress\/plugins\/seo\/ -->\n<title>CREACI\u00d3N DEL GRUPO OPERATIVO SUPRAAUTON\u00d3MICO DE AGROCOMPOSTAJEmpostaje - Econom\u00edas BioRegionales<\/title>\n<meta name=\"robots\" content=\"index, follow, max-snippet:-1, max-image-preview:large, max-video-preview:-1\" \/>\n<link rel=\"canonical\" href=\"https:\/\/economiasbioregionales.org\/en\/creacion-del-grupo-operativo-supraautonomico-de-agrocompostaje\/\" \/>\n<meta property=\"og:locale\" content=\"en_GB\" \/>\n<meta property=\"og:type\" content=\"article\" \/>\n<meta property=\"og:title\" content=\"CREACI\u00d3N DEL GRUPO OPERATIVO SUPRAAUTON\u00d3MICO DE AGROCOMPOSTAJEmpostaje - Econom\u00edas BioRegionales\" \/>\n<meta property=\"og:description\" content=\"Desde la Sociedad Espa\u00f1ola de Agricultura Ecol\u00f3gica, la asociaci\u00f3n Econom\u00edas BioRegioanles y diversas, entidades y empresas en la Comunidad Valenciana (La Uni\u00f3 de Llauradors), Euskadi (Gurpide), Castilla La Mancha (Mancomunidad Vega del Henares) y Canarias (ADER La Palma), Galicia (Calfensa) estamos explorando a trav\u00e9s de un proyecto estatal de Grupo Operativo AGROCOMPOSTAJE, nuevas posibilidades de [&hellip;]\" \/>\n<meta property=\"og:url\" content=\"https:\/\/economiasbioregionales.org\/en\/creacion-del-grupo-operativo-supraautonomico-de-agrocompostaje\/\" \/>\n<meta property=\"og:site_name\" content=\"Econom\u00edas BioRegionales\" \/>\n<meta property=\"article:publisher\" content=\"https:\/\/www.facebook.com\/EconomiasBioRegionales\/\" \/>\n<meta property=\"article:published_time\" content=\"2018-07-05T06:41:47+00:00\" \/>\n<meta property=\"article:modified_time\" content=\"2018-10-15T06:46:08+00:00\" \/>\n<meta property=\"og:image\" content=\"https:\/\/economiasbioregionales.org\/wp-content\/uploads\/2018\/10\/imagen-GO-Agrocompostaje-e1539585814901.jpg\" \/>\n\t<meta property=\"og:image:width\" content=\"594\" \/>\n\t<meta property=\"og:image:height\" content=\"290\" \/>\n\t<meta property=\"og:image:type\" content=\"image\/jpeg\" \/>\n<meta name=\"author\" content=\"bioregional\" \/>\n<meta name=\"twitter:card\" content=\"summary_large_image\" \/>\n<meta name=\"twitter:creator\" content=\"@E_BioReg\" \/>\n<meta name=\"twitter:site\" content=\"@E_BioReg\" \/>\n<meta name=\"twitter:label1\" content=\"Written by\" \/>\n\t<meta name=\"twitter:data1\" content=\"bioregional\" \/>\n\t<meta name=\"twitter:label2\" content=\"Estimated reading time\" \/>\n\t<meta name=\"twitter:data2\" content=\"3 minutes\" \/>\n<script type=\"application\/ld+json\" class=\"yoast-schema-graph\">{\"@context\":\"https:\/\/schema.org\",\"@graph\":[{\"@type\":\"Article\",\"@id\":\"https:\/\/economiasbioregionales.org\/creacion-del-grupo-operativo-supraautonomico-de-agrocompostaje\/#article\",\"isPartOf\":{\"@id\":\"https:\/\/economiasbioregionales.org\/creacion-del-grupo-operativo-supraautonomico-de-agrocompostaje\/\"},\"author\":{\"name\":\"bioregional\",\"@id\":\"https:\/\/economiasbioregionales.org\/#\/schema\/person\/e69d2d9cd485096b833832c9eb2bb644\"},\"headline\":\"CREACI\u00d3N DEL GRUPO OPERATIVO SUPRAAUTON\u00d3MICO DE AGROCOMPOSTAJEmpostaje\",\"datePublished\":\"2018-07-05T06:41:47+00:00\",\"dateModified\":\"2018-10-15T06:46:08+00:00\",\"mainEntityOfPage\":{\"@id\":\"https:\/\/economiasbioregionales.org\/creacion-del-grupo-operativo-supraautonomico-de-agrocompostaje\/\"},\"wordCount\":511,\"publisher\":{\"@id\":\"https:\/\/economiasbioregionales.org\/#organization\"},\"image\":{\"@id\":\"https:\/\/economiasbioregionales.org\/creacion-del-grupo-operativo-supraautonomico-de-agrocompostaje\/#primaryimage\"},\"thumbnailUrl\":\"https:\/\/economiasbioregionales.org\/wp-content\/uploads\/2018\/10\/imagen-GO-Agrocompostaje-e1539585814901.jpg\",\"articleSection\":[\"Uncategorized\"],\"inLanguage\":\"en-GB\"},{\"@type\":\"WebPage\",\"@id\":\"https:\/\/economiasbioregionales.org\/creacion-del-grupo-operativo-supraautonomico-de-agrocompostaje\/\",\"url\":\"https:\/\/economiasbioregionales.org\/creacion-del-grupo-operativo-supraautonomico-de-agrocompostaje\/\",\"name\":\"CREACI\u00d3N DEL GRUPO OPERATIVO SUPRAAUTON\u00d3MICO DE AGROCOMPOSTAJEmpostaje - Econom\u00edas BioRegionales\",\"isPartOf\":{\"@id\":\"https:\/\/economiasbioregionales.org\/#website\"},\"primaryImageOfPage\":{\"@id\":\"https:\/\/economiasbioregionales.org\/creacion-del-grupo-operativo-supraautonomico-de-agrocompostaje\/#primaryimage\"},\"image\":{\"@id\":\"https:\/\/economiasbioregionales.org\/creacion-del-grupo-operativo-supraautonomico-de-agrocompostaje\/#primaryimage\"},\"thumbnailUrl\":\"https:\/\/economiasbioregionales.org\/wp-content\/uploads\/2018\/10\/imagen-GO-Agrocompostaje-e1539585814901.jpg\",\"datePublished\":\"2018-07-05T06:41:47+00:00\",\"dateModified\":\"2018-10-15T06:46:08+00:00\",\"breadcrumb\":{\"@id\":\"https:\/\/economiasbioregionales.org\/creacion-del-grupo-operativo-supraautonomico-de-agrocompostaje\/#breadcrumb\"},\"inLanguage\":\"en-GB\",\"potentialAction\":[{\"@type\":\"ReadAction\",\"target\":[\"https:\/\/economiasbioregionales.org\/creacion-del-grupo-operativo-supraautonomico-de-agrocompostaje\/\"]}]},{\"@type\":\"ImageObject\",\"inLanguage\":\"en-GB\",\"@id\":\"https:\/\/economiasbioregionales.org\/creacion-del-grupo-operativo-supraautonomico-de-agrocompostaje\/#primaryimage\",\"url\":\"https:\/\/economiasbioregionales.org\/wp-content\/uploads\/2018\/10\/imagen-GO-Agrocompostaje-e1539585814901.jpg\",\"contentUrl\":\"https:\/\/economiasbioregionales.org\/wp-content\/uploads\/2018\/10\/imagen-GO-Agrocompostaje-e1539585814901.jpg\",\"width\":594,\"height\":290},{\"@type\":\"BreadcrumbList\",\"@id\":\"https:\/\/economiasbioregionales.org\/creacion-del-grupo-operativo-supraautonomico-de-agrocompostaje\/#breadcrumb\",\"itemListElement\":[{\"@type\":\"ListItem\",\"position\":1,\"name\":\"EBR\",\"item\":\"https:\/\/economiasbioregionales.org\/\"},{\"@type\":\"ListItem\",\"position\":2,\"name\":\"Uncategorized\",\"item\":\"https:\/\/economiasbioregionales.org\/category\/uncategorized\/\"},{\"@type\":\"ListItem\",\"position\":3,\"name\":\"CREACI\u00d3N DEL GRUPO OPERATIVO SUPRAAUTON\u00d3MICO DE AGROCOMPOSTAJEmpostaje\"}]},{\"@type\":\"WebSite\",\"@id\":\"https:\/\/economiasbioregionales.org\/#website\",\"url\":\"https:\/\/economiasbioregionales.org\/\",\"name\":\"Econom\u00edas BioRegionales\",\"description\":\"Econom\u00eda circular, sistemas alimentarios locales, monedas sociales, comunicaci\u00f3n y comunidad\",\"publisher\":{\"@id\":\"https:\/\/economiasbioregionales.org\/#organization\"},\"potentialAction\":[{\"@type\":\"SearchAction\",\"target\":{\"@type\":\"EntryPoint\",\"urlTemplate\":\"https:\/\/economiasbioregionales.org\/?s={search_term_string}\"},\"query-input\":{\"@type\":\"PropertyValueSpecification\",\"valueRequired\":true,\"valueName\":\"search_term_string\"}}],\"inLanguage\":\"en-GB\"},{\"@type\":\"Organization\",\"@id\":\"https:\/\/economiasbioregionales.org\/#organization\",\"name\":\"Econom\u00edas BioRegionales\",\"url\":\"https:\/\/economiasbioregionales.org\/\",\"logo\":{\"@type\":\"ImageObject\",\"inLanguage\":\"en-GB\",\"@id\":\"https:\/\/economiasbioregionales.org\/#\/schema\/logo\/image\/\",\"url\":\"https:\/\/economiasbioregionales.org\/wp-content\/uploads\/2017\/11\/eBR_cabecera-e1515058375551.png\",\"contentUrl\":\"https:\/\/economiasbioregionales.org\/wp-content\/uploads\/2017\/11\/eBR_cabecera-e1515058375551.png\",\"width\":361,\"height\":168,\"caption\":\"Econom\u00edas BioRegionales\"},\"image\":{\"@id\":\"https:\/\/economiasbioregionales.org\/#\/schema\/logo\/image\/\"},\"sameAs\":[\"https:\/\/www.facebook.com\/EconomiasBioRegionales\/\",\"https:\/\/x.com\/E_BioReg\",\"https:\/\/www.linkedin.com\/company\/economiaseioregionales\/\"]},{\"@type\":\"Person\",\"@id\":\"https:\/\/economiasbioregionales.org\/#\/schema\/person\/e69d2d9cd485096b833832c9eb2bb644\",\"name\":\"bioregional\",\"image\":{\"@type\":\"ImageObject\",\"inLanguage\":\"en-GB\",\"@id\":\"https:\/\/economiasbioregionales.org\/#\/schema\/person\/image\/\",\"url\":\"https:\/\/secure.gravatar.com\/avatar\/136ab64408f4a0f270ea1527258b6cf9?s=96&d=mm&r=g\",\"contentUrl\":\"https:\/\/secure.gravatar.com\/avatar\/136ab64408f4a0f270ea1527258b6cf9?s=96&d=mm&r=g\",\"caption\":\"bioregional\"},\"url\":\"https:\/\/economiasbioregionales.org\/en\/author\/monicacuende_q416k1w8\/\"}]}<\/script>\n<!-- \/ Yoast SEO plugin. -->","yoast_head_json":{"title":"CREACI\u00d3N DEL GRUPO OPERATIVO SUPRAAUTON\u00d3MICO DE AGROCOMPOSTAJEmpostaje - Econom\u00edas BioRegionales","robots":{"index":"index","follow":"follow","max-snippet":"max-snippet:-1","max-image-preview":"max-image-preview:large","max-video-preview":"max-video-preview:-1"},"canonical":"https:\/\/economiasbioregionales.org\/en\/creacion-del-grupo-operativo-supraautonomico-de-agrocompostaje\/","og_locale":"en_GB","og_type":"article","og_title":"CREACI\u00d3N DEL GRUPO OPERATIVO SUPRAAUTON\u00d3MICO DE AGROCOMPOSTAJEmpostaje - Econom\u00edas BioRegionales","og_description":"Desde la Sociedad Espa\u00f1ola de Agricultura Ecol\u00f3gica, la asociaci\u00f3n Econom\u00edas BioRegioanles y diversas, entidades y empresas en la Comunidad Valenciana (La Uni\u00f3 de Llauradors), Euskadi (Gurpide), Castilla La Mancha (Mancomunidad Vega del Henares) y Canarias (ADER La Palma), Galicia (Calfensa) estamos explorando a trav\u00e9s de un proyecto estatal de Grupo Operativo AGROCOMPOSTAJE, nuevas posibilidades de [&hellip;]","og_url":"https:\/\/economiasbioregionales.org\/en\/creacion-del-grupo-operativo-supraautonomico-de-agrocompostaje\/","og_site_name":"Econom\u00edas BioRegionales","article_publisher":"https:\/\/www.facebook.com\/EconomiasBioRegionales\/","article_published_time":"2018-07-05T06:41:47+00:00","article_modified_time":"2018-10-15T06:46:08+00:00","og_image":[{"width":594,"height":290,"url":"https:\/\/economiasbioregionales.org\/wp-content\/uploads\/2018\/10\/imagen-GO-Agrocompostaje-e1539585814901.jpg","type":"image\/jpeg"}],"author":"bioregional","twitter_card":"summary_large_image","twitter_creator":"@E_BioReg","twitter_site":"@E_BioReg","twitter_misc":{"Written by":"bioregional","Estimated reading time":"3 minutes"},"schema":{"@context":"https:\/\/schema.org","@graph":[{"@type":"Article","@id":"https:\/\/economiasbioregionales.org\/creacion-del-grupo-operativo-supraautonomico-de-agrocompostaje\/#article","isPartOf":{"@id":"https:\/\/economiasbioregionales.org\/creacion-del-grupo-operativo-supraautonomico-de-agrocompostaje\/"},"author":{"name":"bioregional","@id":"https:\/\/economiasbioregionales.org\/#\/schema\/person\/e69d2d9cd485096b833832c9eb2bb644"},"headline":"CREACI\u00d3N DEL GRUPO OPERATIVO SUPRAAUTON\u00d3MICO DE AGROCOMPOSTAJEmpostaje","datePublished":"2018-07-05T06:41:47+00:00","dateModified":"2018-10-15T06:46:08+00:00","mainEntityOfPage":{"@id":"https:\/\/economiasbioregionales.org\/creacion-del-grupo-operativo-supraautonomico-de-agrocompostaje\/"},"wordCount":511,"publisher":{"@id":"https:\/\/economiasbioregionales.org\/#organization"},"image":{"@id":"https:\/\/economiasbioregionales.org\/creacion-del-grupo-operativo-supraautonomico-de-agrocompostaje\/#primaryimage"},"thumbnailUrl":"https:\/\/economiasbioregionales.org\/wp-content\/uploads\/2018\/10\/imagen-GO-Agrocompostaje-e1539585814901.jpg","articleSection":["Uncategorized"],"inLanguage":"en-GB"},{"@type":"WebPage","@id":"https:\/\/economiasbioregionales.org\/creacion-del-grupo-operativo-supraautonomico-de-agrocompostaje\/","url":"https:\/\/economiasbioregionales.org\/creacion-del-grupo-operativo-supraautonomico-de-agrocompostaje\/","name":"CREACI\u00d3N DEL GRUPO OPERATIVO SUPRAAUTON\u00d3MICO DE AGROCOMPOSTAJEmpostaje - Econom\u00edas BioRegionales","isPartOf":{"@id":"https:\/\/economiasbioregionales.org\/#website"},"primaryImageOfPage":{"@id":"https:\/\/economiasbioregionales.org\/creacion-del-grupo-operativo-supraautonomico-de-agrocompostaje\/#primaryimage"},"image":{"@id":"https:\/\/economiasbioregionales.org\/creacion-del-grupo-operativo-supraautonomico-de-agrocompostaje\/#primaryimage"},"thumbnailUrl":"https:\/\/economiasbioregionales.org\/wp-content\/uploads\/2018\/10\/imagen-GO-Agrocompostaje-e1539585814901.jpg","datePublished":"2018-07-05T06:41:47+00:00","dateModified":"2018-10-15T06:46:08+00:00","breadcrumb":{"@id":"https:\/\/economiasbioregionales.org\/creacion-del-grupo-operativo-supraautonomico-de-agrocompostaje\/#breadcrumb"},"inLanguage":"en-GB","potentialAction":[{"@type":"ReadAction","target":["https:\/\/economiasbioregionales.org\/creacion-del-grupo-operativo-supraautonomico-de-agrocompostaje\/"]}]},{"@type":"ImageObject","inLanguage":"en-GB","@id":"https:\/\/economiasbioregionales.org\/creacion-del-grupo-operativo-supraautonomico-de-agrocompostaje\/#primaryimage","url":"https:\/\/economiasbioregionales.org\/wp-content\/uploads\/2018\/10\/imagen-GO-Agrocompostaje-e1539585814901.jpg","contentUrl":"https:\/\/economiasbioregionales.org\/wp-content\/uploads\/2018\/10\/imagen-GO-Agrocompostaje-e1539585814901.jpg","width":594,"height":290},{"@type":"BreadcrumbList","@id":"https:\/\/economiasbioregionales.org\/creacion-del-grupo-operativo-supraautonomico-de-agrocompostaje\/#breadcrumb","itemListElement":[{"@type":"ListItem","position":1,"name":"EBR","item":"https:\/\/economiasbioregionales.org\/"},{"@type":"ListItem","position":2,"name":"Uncategorized","item":"https:\/\/economiasbioregionales.org\/category\/uncategorized\/"},{"@type":"ListItem","position":3,"name":"CREACI\u00d3N DEL GRUPO OPERATIVO SUPRAAUTON\u00d3MICO DE AGROCOMPOSTAJEmpostaje"}]},{"@type":"WebSite","@id":"https:\/\/economiasbioregionales.org\/#website","url":"https:\/\/economiasbioregionales.org\/","name":"Econom\u00edas BioRegionales","description":"Econom\u00eda circular, sistemas alimentarios locales, monedas sociales, comunicaci\u00f3n y comunidad","publisher":{"@id":"https:\/\/economiasbioregionales.org\/#organization"},"potentialAction":[{"@type":"SearchAction","target":{"@type":"EntryPoint","urlTemplate":"https:\/\/economiasbioregionales.org\/?s={search_term_string}"},"query-input":{"@type":"PropertyValueSpecification","valueRequired":true,"valueName":"search_term_string"}}],"inLanguage":"en-GB"},{"@type":"Organization","@id":"https:\/\/economiasbioregionales.org\/#organization","name":"Econom\u00edas BioRegionales","url":"https:\/\/economiasbioregionales.org\/","logo":{"@type":"ImageObject","inLanguage":"en-GB","@id":"https:\/\/economiasbioregionales.org\/#\/schema\/logo\/image\/","url":"https:\/\/economiasbioregionales.org\/wp-content\/uploads\/2017\/11\/eBR_cabecera-e1515058375551.png","contentUrl":"https:\/\/economiasbioregionales.org\/wp-content\/uploads\/2017\/11\/eBR_cabecera-e1515058375551.png","width":361,"height":168,"caption":"Econom\u00edas BioRegionales"},"image":{"@id":"https:\/\/economiasbioregionales.org\/#\/schema\/logo\/image\/"},"sameAs":["https:\/\/www.facebook.com\/EconomiasBioRegionales\/","https:\/\/x.com\/E_BioReg","https:\/\/www.linkedin.com\/company\/economiaseioregionales\/"]},{"@type":"Person","@id":"https:\/\/economiasbioregionales.org\/#\/schema\/person\/e69d2d9cd485096b833832c9eb2bb644","name":"bioregional","image":{"@type":"ImageObject","inLanguage":"en-GB","@id":"https:\/\/economiasbioregionales.org\/#\/schema\/person\/image\/","url":"https:\/\/secure.gravatar.com\/avatar\/136ab64408f4a0f270ea1527258b6cf9?s=96&d=mm&r=g","contentUrl":"https:\/\/secure.gravatar.com\/avatar\/136ab64408f4a0f270ea1527258b6cf9?s=96&d=mm&r=g","caption":"bioregional"},"url":"https:\/\/economiasbioregionales.org\/en\/author\/monicacuende_q416k1w8\/"}]}},"_links":{"self":[{"href":"https:\/\/economiasbioregionales.org\/en\/wp-json\/wp\/v2\/posts\/623","targetHints":{"allow":["GET"]}}],"collection":[{"href":"https:\/\/economiasbioregionales.org\/en\/wp-json\/wp\/v2\/posts"}],"about":[{"href":"https:\/\/economiasbioregionales.org\/en\/wp-json\/wp\/v2\/types\/post"}],"author":[{"embeddable":true,"href":"https:\/\/economiasbioregionales.org\/en\/wp-json\/wp\/v2\/users\/2"}],"replies":[{"embeddable":true,"href":"https:\/\/economiasbioregionales.org\/en\/wp-json\/wp\/v2\/comments?post=623"}],"version-history":[{"count":3,"href":"https:\/\/economiasbioregionales.org\/en\/wp-json\/wp\/v2\/posts\/623\/revisions"}],"predecessor-version":[{"id":628,"href":"https:\/\/economiasbioregionales.org\/en\/wp-json\/wp\/v2\/posts\/623\/revisions\/628"}],"wp:featuredmedia":[{"embeddable":true,"href":"https:\/\/economiasbioregionales.org\/en\/wp-json\/wp\/v2\/media\/624"}],"wp:attachment":[{"href":"https:\/\/economiasbioregionales.org\/en\/wp-json\/wp\/v2\/media?parent=623"}],"wp:term":[{"taxonomy":"category","embeddable":true,"href":"https:\/\/economiasbioregionales.org\/en\/wp-json\/wp\/v2\/categories?post=623"},{"taxonomy":"post_tag","embeddable":true,"href":"https:\/\/economiasbioregionales.org\/en\/wp-json\/wp\/v2\/tags?post=623"}],"curies":[{"name":"wp","href":"https:\/\/api.w.org\/{rel}","templated":true}]}}