{"id":512,"date":"2018-09-11T14:01:01","date_gmt":"2018-09-11T12:01:01","guid":{"rendered":"https:\/\/economiasbioregionales.org\/?p=512"},"modified":"2018-10-14T11:57:21","modified_gmt":"2018-10-14T09:57:21","slug":"curso-gratuito-de-agrocompostaje-profesional-40h","status":"publish","type":"post","link":"https:\/\/economiasbioregionales.org\/en\/curso-gratuito-de-agrocompostaje-profesional-40h\/","title":{"rendered":"CURSO AGROCOMPOSTAJE PROFESIONAL CON IMIDRA (40H)"},"content":{"rendered":"<h4 align=\"justify\">Se trata de una formaci\u00f3n de introducci\u00f3n te\u00f3rico pr\u00e1ctica al agrocompostaje profesional,\u00a0entendido como el tratamiento de la fracci\u00f3n org\u00e1nica de los residuos agr\u00edcolas y ganaderos junto a los municipales. Un curso de Transferencia al Sector Agrario del Instituto Madrile\u00f1o de Investigaci\u00f3n y Desarrollo Rural, Agrario y Alimentario (IMIDRA).<\/h4>\n<p align=\"justify\">El agrocompostaje se plantea como una oportunidad de diversificaci\u00f3n de rentas, de reducci\u00f3n de costes de fertilizaci\u00f3n, y de eficiencia y transici\u00f3n ecol\u00f3gica.<\/p>\n<p align=\"justify\">Este sistema es, as\u00ed mismo, una pr\u00e1ctica que reduce emisiones de efecto invernadero y act\u00faa como sumidero de carbono en suelo. Esta formaci\u00f3n se dirige a titulares de explotaciones agr\u00edcolas y ganaderas o estudiantes y otros perfiles t\u00e9cnicos agron\u00f3micos relacionados con el asesoramiento de explotaciones.<\/p>\n<p>Tiene por objetivos la introducci\u00f3n a las oportunidades y pr\u00e1cticas del agrocompostaje como estrategia de desarrollo y diversificaci\u00f3n rural:<\/p>\n<p align=\"justify\">\u2630 Conocer el metabolismo del compostaje, el proceso y los riesgos biol\u00f3gicos y laborales del manejo compostador.<\/p>\n<p align=\"justify\">\u2630 Saber dimensionar y dise\u00f1ar una instalaci\u00f3n, con diferentes modalidades de compostaje o tratamiento de la materia org\u00e1nica, y el marco normativo actual y que se est\u00e1 planteando a futuro en la Comunidad de Madrid.<\/p>\n<table width=\"614\" cellspacing=\"0\" cellpadding=\"7\">\n<colgroup>\n<col width=\"221\" \/>\n<col width=\"363\" \/> <\/colgroup>\n<tbody>\n<tr valign=\"top\">\n<td width=\"221\"><span style=\"font-family: Roboto Light, serif;\"><span style=\"font-size: small;\">T\u00edtulo del curso<\/span><\/span><\/td>\n<td width=\"363\"><span style=\"font-family: Roboto Light, serif;\"><span style=\"font-size: small;\">Agrocompostaje profesional<\/span><\/span><\/td>\n<\/tr>\n<tr valign=\"top\">\n<td width=\"221\"><span style=\"font-family: Roboto Light, serif;\"><span style=\"font-size: small;\">N\u00famero de horas<\/span><\/span><\/td>\n<td width=\"363\"><span style=\"font-family: Roboto Light, serif;\"><span style=\"font-size: small;\">20 horas (4h x 5 d\u00edas)<\/span><\/span><\/td>\n<\/tr>\n<tr valign=\"top\">\n<td width=\"221\"><span style=\"font-family: Roboto Light, serif;\"><span style=\"font-size: small;\">Fechas <\/span><\/span><\/td>\n<td width=\"363\"><span style=\"font-family: Roboto Light, serif;\"><span style=\"font-size: small;\">Del 24 al 28 de septiembre de 2018<\/span><\/span><\/td>\n<\/tr>\n<tr valign=\"top\">\n<td width=\"221\"><span style=\"font-family: Roboto Light, serif;\"><span style=\"font-size: small;\">Horario <\/span><\/span><\/td>\n<td width=\"363\"><span style=\"font-family: Roboto Light, serif;\"><span style=\"font-size: small;\">16:00h-20:00h <\/span><\/span><\/td>\n<\/tr>\n<tr valign=\"top\">\n<td width=\"221\"><span style=\"font-family: Roboto Light, serif;\"><span style=\"font-size: small;\">Localizaci\u00f3n <\/span><\/span><\/td>\n<td width=\"363\"><span style=\"font-family: Roboto Light, serif;\"><span style=\"font-size: small;\">Biblioteca P\u00fablica Municipal \u00c1ngel Gonz\u00e1lez (C\/ Granja Torrehermosa,1. Madrid 28024) <\/span><\/span><\/td>\n<\/tr>\n<\/tbody>\n<\/table>\n<h4 class=\"western\"><span style=\"color: #000000;\"><span style=\"font-family: Roboto Medium;\"><span style=\"font-size: medium;\">Programa <\/span><\/span><\/span><\/h4>\n<h3 class=\"western\"><span style=\"color: #000000;\">\u2630 <span style=\"font-family: Roboto Medium;\"><span style=\"font-size: medium;\">Primera sesi\u00f3n | Lunes 24 septiembre<br \/>\nBiblioteca \u00c1ngel Gonz\u00e1lez (aula actividades, 1\u00aa planta)<br \/>\n<\/span><\/span><\/span><span style=\"color: #000000;\"><span style=\"font-family: Roboto Light, serif;\"><span style=\"font-size: small;\"><span style=\"font-size: medium;\">Introducci\u00f3n a los retos de la gesti\u00f3n de residuos y la oportunidad del agrocompostaje.<\/span><br \/>\n<span style=\"font-family: Roboto;\">Docente: <\/span><span style=\"font-family: Roboto;\">F<\/span><span style=\"font-family: Roboto;\">ranc<\/span><span style=\"font-family: Roboto;\">o<\/span><span style=\"font-family: Roboto;\"> Llobera. <\/span> <\/span><\/span><\/span><\/h3>\n<p align=\"left\"><span style=\"color: #000000;\"><span style=\"font-family: Roboto Light, serif;\"><span style=\"font-size: small;\">Contenido: <\/span><\/span><\/span><\/p>\n<ul>\n<li>\n<p align=\"left\"><span style=\"color: #000000;\"><span style=\"font-family: Roboto Light, serif;\"><span style=\"font-size: small;\">Bases <\/span><\/span><\/span><span style=\"color: #000000;\"><span style=\"font-family: Roboto Light, serif;\"><span style=\"font-size: small;\">normativas y <\/span><\/span><\/span><span style=\"color: #000000;\"><span style=\"font-family: Roboto Light, serif;\"><span style=\"font-size: small;\">legislativas: el <\/span><\/span><\/span><span style=\"color: #000000;\"><span style=\"font-family: Roboto Light, serif;\"><span style=\"font-size: small;\">momento y el <\/span><\/span><\/span><span style=\"color: #000000;\"><span style=\"font-family: Roboto Light, serif;\"><span style=\"font-size: small;\">papel de las administraciones locales <\/span><\/span><\/span><span style=\"color: #000000;\"><span style=\"font-family: Roboto Light, serif;\"><span style=\"font-size: small;\">ante el reto de los residuos<\/span><\/span><\/span><\/p>\n<\/li>\n<li>\n<p align=\"left\"><span style=\"color: #000000;\"><span style=\"font-family: Roboto Light, serif;\"><span style=\"font-size: small;\">Desarrollo y diversificaci\u00f3n rural y agrocompostaje.<\/span><\/span><\/span><\/p>\n<\/li>\n<li>\n<p align=\"left\"><span style=\"color: #000000;\"><span style=\"font-family: Roboto Light, serif;\"><span style=\"font-size: small;\">Medidas de recogida selectiva y modalidades de tratamiento.<\/span><\/span><\/span><\/p>\n<\/li>\n<\/ul>\n<p align=\"left\"><span style=\"color: #000000;\">\u2630 <span style=\"font-family: Roboto Medium;\"><span style=\"font-size: medium;\">Segunda sesi\u00f3n | Martes 25 septiembre<br \/>\n<\/span><\/span><\/span><span style=\"color: #000000;\"><span style=\"font-family: Roboto Medium;\"><span style=\"font-size: medium;\">Biblioteca \u00c1ngel Gonz\u00e1lez (aula actividades, 1\u00aa planta)<br \/>\n<\/span><\/span><\/span><span style=\"color: #000000;\"><span style=\"font-family: Roboto Light, serif;\"><span style=\"font-size: medium;\">Agronom\u00eda y biolog\u00eda del Agrocompostaje. <span style=\"font-family: Roboto;\"><span style=\"font-size: small;\">Docente: <\/span><\/span><span style=\"font-family: Roboto;\"><span style=\"font-size: small;\">F<\/span><\/span><span style=\"font-family: Roboto;\"><span style=\"font-size: small;\">ranc<\/span><\/span><span style=\"font-family: Roboto;\"><span style=\"font-size: small;\">o<\/span><\/span><span style=\"font-family: Roboto;\"><span style=\"font-size: small;\"> Llobera. <\/span><\/span><\/span><\/span><\/span><\/p>\n<p align=\"left\"><span style=\"color: #000000;\"><span style=\"font-family: Roboto Light, serif;\"><span style=\"font-size: small;\">Contenido: <\/span><\/span><\/span><\/p>\n<ul>\n<li>\n<p align=\"left\"><span style=\"color: #000000;\"><span style=\"font-family: Roboto Light, serif;\"><span style=\"font-size: small;\">Agroecolog\u00eda y agrocompostaje, los ciclos virtuosos y econom\u00eda circular.<\/span><\/span><\/span><\/p>\n<\/li>\n<li>\n<p align=\"left\"><span style=\"color: #000000;\"><span style=\"font-family: Roboto Light, serif;\"><span style=\"font-size: small;\">Biolog\u00eda y microbiolog\u00eda y probiosis del compostaje y zoompostaje.<\/span><\/span><\/span><\/p>\n<\/li>\n<li>\n<p align=\"left\"><span style=\"color: #000000;\"><span style=\"font-family: Roboto Light, serif;\"><span style=\"font-size: small;\">El paquete de econom\u00eda circular y su aplicaci\u00f3n y eventual repercusi\u00f3n en el sector agrario.<\/span><\/span><\/span><\/p>\n<\/li>\n<\/ul>\n<p align=\"left\"><span style=\"color: #000000;\">\u2630 <span style=\"font-family: Roboto Medium;\"><span style=\"font-size: medium;\">Tercera sesi\u00f3n | Mi\u00e9rcoles 26 septiembre<br \/>\nBiblioteca \u00c1ngel Gonz\u00e1lez (aula polivalente, entrada)<br \/>\n<\/span><\/span><\/span><span style=\"color: #000000;\"><span style=\"font-family: Roboto Medium;\"><span style=\"font-size: medium;\"><span style=\"font-family: Roboto Light, serif;\">Legislaci\u00f3n<\/span><span style=\"font-family: Roboto Light, serif;\">, control <\/span><span style=\"font-family: Roboto Light, serif;\">y calidad <\/span><span style=\"font-family: Roboto Light, serif;\">del<\/span><span style=\"font-family: Roboto Light, serif;\"> compost. <\/span><span style=\"font-family: Roboto;\"><span style=\"font-size: small;\">Docente: <\/span><\/span><span style=\"font-family: Roboto;\"><span style=\"font-size: small;\">Alfredo Morilla. <\/span><\/span><\/span><\/span><\/span><\/p>\n<p align=\"left\"><span style=\"color: #000000;\"><span style=\"font-family: Roboto Light, serif;\"><span style=\"font-size: small;\">Contenido: <\/span><\/span><\/span><\/p>\n<ul>\n<li>\n<p align=\"left\"><span style=\"color: #000000;\"><span style=\"font-family: Roboto Light, serif;\"><span style=\"font-size: small;\">Legislaciones en compostaje: propuestas legislativas en Espa\u00f1a, y en la UE. Tipolog\u00edas de dimensi\u00f3n para el agrocompostaje y equipamientos necesario.<\/span><\/span><\/span><\/p>\n<\/li>\n<li>\n<p align=\"left\"><span style=\"color: #000000;\"><span style=\"font-family: Roboto Light, serif;\"><span style=\"font-size: small;\">Par\u00e1metros de seguimiento y control. <\/span><\/span><\/span><\/p>\n<\/li>\n<li>\n<p align=\"left\"><span style=\"color: #000000;\"><span style=\"font-family: Roboto Light, serif;\"><span style=\"font-size: small;\">Criterios de calidad en compostaje. Control de metales pesados y biol\u00f3gicos. <\/span><\/span><\/span><\/p>\n<\/li>\n<\/ul>\n<p align=\"left\"><span style=\"color: #000000;\">\u2630 <span style=\"font-family: Roboto Medium;\"><span style=\"font-size: medium;\">Cuarta sesi\u00f3n | Jueves 27 septiembre<br \/>\n<\/span><\/span><\/span><span style=\"color: #000000;\"><span style=\"font-family: Roboto Medium;\"><span style=\"font-size: medium;\">Biblioteca \u00c1ngel Gonz\u00e1lez (aula polivalente, entrada)<br \/>\n<\/span><\/span><\/span><span style=\"color: #000000;\"><span style=\"font-family: Roboto Light, serif;\"><span style=\"font-size: medium;\">Metabolismo urbano-rural, agronom\u00eda y flujos de la materia org\u00e1nica. <span style=\"font-family: Roboto;\"><span style=\"font-size: small;\">Docente: Alfredo Morilla.<\/span><\/span><\/span><\/span><\/span><\/p>\n<p align=\"left\"><span style=\"color: #000000;\"><span style=\"font-family: Roboto Light, serif;\"><span style=\"font-size: small;\">Contenido: <\/span><\/span><\/span><\/p>\n<ul>\n<li>\n<p align=\"left\"><span style=\"color: #000000;\"><span style=\"font-family: Roboto Light, serif;\"><span style=\"font-size: small;\">Agrocompostaje y los ciclos del N, P y K.<\/span><\/span><\/span><\/p>\n<\/li>\n<li>\n<p align=\"left\"><span style=\"color: #000000;\"><span style=\"font-family: Roboto Light, serif;\"><span style=\"font-size: small;\">Fertilidad de la tierra: edafolog\u00eda aplicada.<\/span><\/span><\/span><\/p>\n<\/li>\n<li>\n<p align=\"left\"><span style=\"color: #000000;\"><span style=\"font-family: Roboto Light, serif;\"><span style=\"font-size: small;\">El enfoque ambiental y de sostenibilidad local y global y reducci\u00f3n de emisiones de gases de efecto invernadero.<\/span><\/span><\/span><\/p>\n<\/li>\n<\/ul>\n<p align=\"left\"><span style=\"color: #000000;\"><br \/>\n\u2630 <span style=\"font-family: Roboto Medium;\"><span style=\"font-size: medium;\">Quinta sesi\u00f3n | Viernes 28 septiembre<br \/>\n<\/span><\/span><\/span><span style=\"color: #000000;\"><span style=\"font-family: Roboto Medium;\"><span style=\"font-size: medium;\">Biblioteca \u00c1ngel Gonz\u00e1lez y Huertas de proximidad de la Comunidad de Madrid.<br \/>\n<\/span><\/span><\/span><span style=\"color: #000000;\"><span style=\"font-family: Roboto Light, serif;\"><span style=\"font-size: medium;\">Formaci\u00f3n pr\u00e1ctica sobre dise\u00f1o, dimensionamiento y labores y seguimiento agrocompostador. <span style=\"font-family: Roboto;\"><span style=\"font-size: small;\">Docentes: Alfredo Morilla<\/span><\/span><span style=\"font-family: Roboto;\"><span style=\"font-size: small;\">. <\/span><\/span><\/span><\/span><\/span><\/p>\n<h4 class=\"western\" align=\"justify\"><span style=\"color: #000000;\"><span style=\"font-family: Roboto Medium;\"><span style=\"font-size: medium;\">Equipo formadores<\/span><\/span><\/span><\/h4>\n<p align=\"justify\"><span style=\"font-family: Roboto Light;\"><span style=\"font-size: small;\"><span style=\"font-family: Roboto;\">Franco Llobera<\/span>. Ingeniero t\u00e9cnico forestal. A<span style=\"color: #000000;\"><span style=\"font-family: Roboto Light, serif;\">sistencia t\u00e9cnica <\/span><\/span><span style=\"color: #000000;\"><span style=\"font-family: Roboto Light, serif;\">a la <\/span><\/span><span style=\"color: #000000;\"><span style=\"font-family: Roboto Light, serif;\">Red de Municipios Agroecol\u00f3gicos TERRAE. <\/span><\/span>Autor de varios manuales de Econom\u00eda Circular, Agrocompostaje, Agroecolog\u00eda y de Ciclos Locales de la Materia Org\u00e1nica. Coordinador del Grupo Operativo estatal de Agrocompostaje.<\/span><\/span><\/p>\n<p align=\"justify\"><span style=\"font-family: Roboto Light;\"><span style=\"font-size: small;\"><span style=\"font-family: Roboto;\">Alfredo Morilla. <\/span>Ingeniero Industrial. Especialista en sistemas de c\u00e1lculo y simulaci\u00f3n de flujos. Coordinador del proyecto Madrid Agrocomposta y formador en maestr\u00eda compostadora.<\/span><\/span><\/p>\n<h4 align=\"justify\"><span style=\"font-family: Roboto Light;\"><span style=\"color: #000000;\"><span style=\"font-family: Roboto Medium;\"><span style=\"font-size: medium;\">Inscripci\u00f3n<\/span><\/span><\/span><\/span><\/h4>\n<h4>http:\/\/www.comunidad.madrid\/servicios\/medio-rural\/cursos-transferencia<\/h4>\n<h4 align=\"justify\"><span style=\"font-family: Roboto Light;\"><span style=\"color: #000000;\"><span style=\"font-family: Roboto Medium;\"><span style=\"font-size: medium;\">Informaci\u00f3n<\/span><\/span><\/span><\/span><\/h4>\n<p align=\"justify\">Escr\u00edbenos a <a href=\"mailto:actividad@economiasbioregionales.org\">actividad@economiasbioregionales.org<\/a><\/p>\n<p align=\"justify\"><span style=\"font-family: Roboto Medium;\"><span style=\"font-size: medium;\">\u00a0<\/span><\/span><\/p>\n<p>&nbsp;<\/p>\n<p>[\/fsn_text][\/fsn_column][\/fsn_row]<\/p>","protected":false},"excerpt":{"rendered":"<p>Se trata de una formaci\u00f3n de introducci\u00f3n te\u00f3rico pr\u00e1ctica al agrocompostaje profesional,\u00a0entendido como el tratamiento de la fracci\u00f3n org\u00e1nica de los residuos agr\u00edcolas y ganaderos junto a los municipales. Un curso de Transferencia al Sector Agrario del Instituto Madrile\u00f1o de Investigaci\u00f3n y Desarrollo Rural, Agrario y Alimentario (IMIDRA). El agrocompostaje se plantea como una oportunidad [&hellip;]<\/p>","protected":false},"author":2,"featured_media":598,"comment_status":"closed","ping_status":"open","sticky":false,"template":"","format":"standard","meta":{"_et_pb_use_builder":"","_et_pb_old_content":"","_et_gb_content_width":"","footnotes":""},"categories":[10,9],"tags":[],"class_list":["post-512","post","type-post","status-publish","format-standard","has-post-thumbnail","hentry","category-blog","category-proyectos"],"yoast_head":"<!-- This site is optimized with the Yoast SEO plugin v24.5 - https:\/\/yoast.com\/wordpress\/plugins\/seo\/ -->\n<title>CURSO AGROCOMPOSTAJE PROFESIONAL CON IMIDRA (40H) - Econom\u00edas BioRegionales<\/title>\n<meta name=\"description\" content=\"Se trata de una formaci\u00f3n de introducci\u00f3n te\u00f3rico pr\u00e1ctica al agrocompostaje profesional, entendido como el tratamiento de la fracci\u00f3n org\u00e1nica de los residuos agr\u00edcolas y ganaderos junto a los municipales. El agrocompostaje se plantea como una oportunidad de diversificaci\u00f3n de rentas, de reducci\u00f3n de costes de fertilizaci\u00f3n, y de eficiencia y transici\u00f3n ecol\u00f3gica.\" \/>\n<meta name=\"robots\" content=\"index, follow, max-snippet:-1, max-image-preview:large, max-video-preview:-1\" \/>\n<link rel=\"canonical\" href=\"https:\/\/economiasbioregionales.org\/en\/curso-gratuito-de-agrocompostaje-profesional-40h\/\" \/>\n<meta property=\"og:locale\" content=\"en_GB\" \/>\n<meta property=\"og:type\" content=\"article\" \/>\n<meta property=\"og:title\" content=\"CURSO AGROCOMPOSTAJE PROFESIONAL CON IMIDRA (40H) - Econom\u00edas BioRegionales\" \/>\n<meta property=\"og:description\" content=\"Se trata de una formaci\u00f3n de introducci\u00f3n te\u00f3rico pr\u00e1ctica al agrocompostaje profesional, entendido como el tratamiento de la fracci\u00f3n org\u00e1nica de los residuos agr\u00edcolas y ganaderos junto a los municipales. El agrocompostaje se plantea como una oportunidad de diversificaci\u00f3n de rentas, de reducci\u00f3n de costes de fertilizaci\u00f3n, y de eficiencia y transici\u00f3n ecol\u00f3gica.\" \/>\n<meta property=\"og:url\" content=\"https:\/\/economiasbioregionales.org\/en\/curso-gratuito-de-agrocompostaje-profesional-40h\/\" \/>\n<meta property=\"og:site_name\" content=\"Econom\u00edas BioRegionales\" \/>\n<meta property=\"article:publisher\" content=\"https:\/\/www.facebook.com\/EconomiasBioRegionales\/\" \/>\n<meta property=\"article:published_time\" content=\"2018-09-11T12:01:01+00:00\" \/>\n<meta property=\"article:modified_time\" content=\"2018-10-14T09:57:21+00:00\" \/>\n<meta property=\"og:image\" content=\"https:\/\/economiasbioregionales.org\/wp-content\/uploads\/2018\/10\/Captura-de-pantalla-de-2018-10-14-11-11-49-e1539510849837.png\" \/>\n\t<meta property=\"og:image:width\" content=\"1366\" \/>\n\t<meta property=\"og:image:height\" content=\"747\" \/>\n\t<meta property=\"og:image:type\" content=\"image\/png\" \/>\n<meta name=\"author\" content=\"bioregional\" \/>\n<meta name=\"twitter:card\" content=\"summary_large_image\" \/>\n<meta name=\"twitter:creator\" content=\"@E_BioReg\" \/>\n<meta name=\"twitter:site\" content=\"@E_BioReg\" \/>\n<meta name=\"twitter:label1\" content=\"Written by\" \/>\n\t<meta name=\"twitter:data1\" content=\"bioregional\" \/>\n\t<meta name=\"twitter:label2\" content=\"Estimated reading time\" \/>\n\t<meta name=\"twitter:data2\" content=\"3 minutes\" \/>\n<script type=\"application\/ld+json\" class=\"yoast-schema-graph\">{\"@context\":\"https:\/\/schema.org\",\"@graph\":[{\"@type\":\"Article\",\"@id\":\"https:\/\/economiasbioregionales.org\/curso-gratuito-de-agrocompostaje-profesional-40h\/#article\",\"isPartOf\":{\"@id\":\"https:\/\/economiasbioregionales.org\/curso-gratuito-de-agrocompostaje-profesional-40h\/\"},\"author\":{\"name\":\"bioregional\",\"@id\":\"https:\/\/economiasbioregionales.org\/#\/schema\/person\/e69d2d9cd485096b833832c9eb2bb644\"},\"headline\":\"CURSO AGROCOMPOSTAJE PROFESIONAL CON IMIDRA (40H)\",\"datePublished\":\"2018-09-11T12:01:01+00:00\",\"dateModified\":\"2018-10-14T09:57:21+00:00\",\"mainEntityOfPage\":{\"@id\":\"https:\/\/economiasbioregionales.org\/curso-gratuito-de-agrocompostaje-profesional-40h\/\"},\"wordCount\":648,\"publisher\":{\"@id\":\"https:\/\/economiasbioregionales.org\/#organization\"},\"image\":{\"@id\":\"https:\/\/economiasbioregionales.org\/curso-gratuito-de-agrocompostaje-profesional-40h\/#primaryimage\"},\"thumbnailUrl\":\"https:\/\/economiasbioregionales.org\/wp-content\/uploads\/2018\/10\/Captura-de-pantalla-de-2018-10-14-11-11-49-e1539510849837.png\",\"articleSection\":[\"BLOG\",\"PROYECTOS\"],\"inLanguage\":\"en-GB\"},{\"@type\":\"WebPage\",\"@id\":\"https:\/\/economiasbioregionales.org\/curso-gratuito-de-agrocompostaje-profesional-40h\/\",\"url\":\"https:\/\/economiasbioregionales.org\/curso-gratuito-de-agrocompostaje-profesional-40h\/\",\"name\":\"CURSO AGROCOMPOSTAJE PROFESIONAL CON IMIDRA (40H) - Econom\u00edas BioRegionales\",\"isPartOf\":{\"@id\":\"https:\/\/economiasbioregionales.org\/#website\"},\"primaryImageOfPage\":{\"@id\":\"https:\/\/economiasbioregionales.org\/curso-gratuito-de-agrocompostaje-profesional-40h\/#primaryimage\"},\"image\":{\"@id\":\"https:\/\/economiasbioregionales.org\/curso-gratuito-de-agrocompostaje-profesional-40h\/#primaryimage\"},\"thumbnailUrl\":\"https:\/\/economiasbioregionales.org\/wp-content\/uploads\/2018\/10\/Captura-de-pantalla-de-2018-10-14-11-11-49-e1539510849837.png\",\"datePublished\":\"2018-09-11T12:01:01+00:00\",\"dateModified\":\"2018-10-14T09:57:21+00:00\",\"description\":\"Se trata de una formaci\u00f3n de introducci\u00f3n te\u00f3rico pr\u00e1ctica al agrocompostaje profesional, entendido como el tratamiento de la fracci\u00f3n org\u00e1nica de los residuos agr\u00edcolas y ganaderos junto a los municipales. El agrocompostaje se plantea como una oportunidad de diversificaci\u00f3n de rentas, de reducci\u00f3n de costes de fertilizaci\u00f3n, y de eficiencia y transici\u00f3n ecol\u00f3gica.\",\"breadcrumb\":{\"@id\":\"https:\/\/economiasbioregionales.org\/curso-gratuito-de-agrocompostaje-profesional-40h\/#breadcrumb\"},\"inLanguage\":\"en-GB\",\"potentialAction\":[{\"@type\":\"ReadAction\",\"target\":[\"https:\/\/economiasbioregionales.org\/curso-gratuito-de-agrocompostaje-profesional-40h\/\"]}]},{\"@type\":\"ImageObject\",\"inLanguage\":\"en-GB\",\"@id\":\"https:\/\/economiasbioregionales.org\/curso-gratuito-de-agrocompostaje-profesional-40h\/#primaryimage\",\"url\":\"https:\/\/economiasbioregionales.org\/wp-content\/uploads\/2018\/10\/Captura-de-pantalla-de-2018-10-14-11-11-49-e1539510849837.png\",\"contentUrl\":\"https:\/\/economiasbioregionales.org\/wp-content\/uploads\/2018\/10\/Captura-de-pantalla-de-2018-10-14-11-11-49-e1539510849837.png\",\"width\":1366,\"height\":747},{\"@type\":\"BreadcrumbList\",\"@id\":\"https:\/\/economiasbioregionales.org\/curso-gratuito-de-agrocompostaje-profesional-40h\/#breadcrumb\",\"itemListElement\":[{\"@type\":\"ListItem\",\"position\":1,\"name\":\"EBR\",\"item\":\"https:\/\/economiasbioregionales.org\/\"},{\"@type\":\"ListItem\",\"position\":2,\"name\":\"BLOG\",\"item\":\"https:\/\/economiasbioregionales.org\/category\/blog\/\"},{\"@type\":\"ListItem\",\"position\":3,\"name\":\"CURSO AGROCOMPOSTAJE PROFESIONAL CON IMIDRA (40H)\"}]},{\"@type\":\"WebSite\",\"@id\":\"https:\/\/economiasbioregionales.org\/#website\",\"url\":\"https:\/\/economiasbioregionales.org\/\",\"name\":\"Econom\u00edas BioRegionales\",\"description\":\"Econom\u00eda circular, sistemas alimentarios locales, monedas sociales, comunicaci\u00f3n y comunidad\",\"publisher\":{\"@id\":\"https:\/\/economiasbioregionales.org\/#organization\"},\"potentialAction\":[{\"@type\":\"SearchAction\",\"target\":{\"@type\":\"EntryPoint\",\"urlTemplate\":\"https:\/\/economiasbioregionales.org\/?s={search_term_string}\"},\"query-input\":{\"@type\":\"PropertyValueSpecification\",\"valueRequired\":true,\"valueName\":\"search_term_string\"}}],\"inLanguage\":\"en-GB\"},{\"@type\":\"Organization\",\"@id\":\"https:\/\/economiasbioregionales.org\/#organization\",\"name\":\"Econom\u00edas BioRegionales\",\"url\":\"https:\/\/economiasbioregionales.org\/\",\"logo\":{\"@type\":\"ImageObject\",\"inLanguage\":\"en-GB\",\"@id\":\"https:\/\/economiasbioregionales.org\/#\/schema\/logo\/image\/\",\"url\":\"https:\/\/economiasbioregionales.org\/wp-content\/uploads\/2017\/11\/eBR_cabecera-e1515058375551.png\",\"contentUrl\":\"https:\/\/economiasbioregionales.org\/wp-content\/uploads\/2017\/11\/eBR_cabecera-e1515058375551.png\",\"width\":361,\"height\":168,\"caption\":\"Econom\u00edas BioRegionales\"},\"image\":{\"@id\":\"https:\/\/economiasbioregionales.org\/#\/schema\/logo\/image\/\"},\"sameAs\":[\"https:\/\/www.facebook.com\/EconomiasBioRegionales\/\",\"https:\/\/x.com\/E_BioReg\",\"https:\/\/www.linkedin.com\/company\/economiaseioregionales\/\"]},{\"@type\":\"Person\",\"@id\":\"https:\/\/economiasbioregionales.org\/#\/schema\/person\/e69d2d9cd485096b833832c9eb2bb644\",\"name\":\"bioregional\",\"image\":{\"@type\":\"ImageObject\",\"inLanguage\":\"en-GB\",\"@id\":\"https:\/\/economiasbioregionales.org\/#\/schema\/person\/image\/\",\"url\":\"https:\/\/secure.gravatar.com\/avatar\/136ab64408f4a0f270ea1527258b6cf9?s=96&d=mm&r=g\",\"contentUrl\":\"https:\/\/secure.gravatar.com\/avatar\/136ab64408f4a0f270ea1527258b6cf9?s=96&d=mm&r=g\",\"caption\":\"bioregional\"},\"url\":\"https:\/\/economiasbioregionales.org\/en\/author\/monicacuende_q416k1w8\/\"}]}<\/script>\n<!-- \/ Yoast SEO plugin. -->","yoast_head_json":{"title":"CURSO AGROCOMPOSTAJE PROFESIONAL CON IMIDRA (40H) - Econom\u00edas BioRegionales","description":"Se trata de una formaci\u00f3n de introducci\u00f3n te\u00f3rico pr\u00e1ctica al agrocompostaje profesional, entendido como el tratamiento de la fracci\u00f3n org\u00e1nica de los residuos agr\u00edcolas y ganaderos junto a los municipales. El agrocompostaje se plantea como una oportunidad de diversificaci\u00f3n de rentas, de reducci\u00f3n de costes de fertilizaci\u00f3n, y de eficiencia y transici\u00f3n ecol\u00f3gica.","robots":{"index":"index","follow":"follow","max-snippet":"max-snippet:-1","max-image-preview":"max-image-preview:large","max-video-preview":"max-video-preview:-1"},"canonical":"https:\/\/economiasbioregionales.org\/en\/curso-gratuito-de-agrocompostaje-profesional-40h\/","og_locale":"en_GB","og_type":"article","og_title":"CURSO AGROCOMPOSTAJE PROFESIONAL CON IMIDRA (40H) - Econom\u00edas BioRegionales","og_description":"Se trata de una formaci\u00f3n de introducci\u00f3n te\u00f3rico pr\u00e1ctica al agrocompostaje profesional, entendido como el tratamiento de la fracci\u00f3n org\u00e1nica de los residuos agr\u00edcolas y ganaderos junto a los municipales. El agrocompostaje se plantea como una oportunidad de diversificaci\u00f3n de rentas, de reducci\u00f3n de costes de fertilizaci\u00f3n, y de eficiencia y transici\u00f3n ecol\u00f3gica.","og_url":"https:\/\/economiasbioregionales.org\/en\/curso-gratuito-de-agrocompostaje-profesional-40h\/","og_site_name":"Econom\u00edas BioRegionales","article_publisher":"https:\/\/www.facebook.com\/EconomiasBioRegionales\/","article_published_time":"2018-09-11T12:01:01+00:00","article_modified_time":"2018-10-14T09:57:21+00:00","og_image":[{"width":1366,"height":747,"url":"https:\/\/economiasbioregionales.org\/wp-content\/uploads\/2018\/10\/Captura-de-pantalla-de-2018-10-14-11-11-49-e1539510849837.png","type":"image\/png"}],"author":"bioregional","twitter_card":"summary_large_image","twitter_creator":"@E_BioReg","twitter_site":"@E_BioReg","twitter_misc":{"Written by":"bioregional","Estimated reading time":"3 minutes"},"schema":{"@context":"https:\/\/schema.org","@graph":[{"@type":"Article","@id":"https:\/\/economiasbioregionales.org\/curso-gratuito-de-agrocompostaje-profesional-40h\/#article","isPartOf":{"@id":"https:\/\/economiasbioregionales.org\/curso-gratuito-de-agrocompostaje-profesional-40h\/"},"author":{"name":"bioregional","@id":"https:\/\/economiasbioregionales.org\/#\/schema\/person\/e69d2d9cd485096b833832c9eb2bb644"},"headline":"CURSO AGROCOMPOSTAJE PROFESIONAL CON IMIDRA (40H)","datePublished":"2018-09-11T12:01:01+00:00","dateModified":"2018-10-14T09:57:21+00:00","mainEntityOfPage":{"@id":"https:\/\/economiasbioregionales.org\/curso-gratuito-de-agrocompostaje-profesional-40h\/"},"wordCount":648,"publisher":{"@id":"https:\/\/economiasbioregionales.org\/#organization"},"image":{"@id":"https:\/\/economiasbioregionales.org\/curso-gratuito-de-agrocompostaje-profesional-40h\/#primaryimage"},"thumbnailUrl":"https:\/\/economiasbioregionales.org\/wp-content\/uploads\/2018\/10\/Captura-de-pantalla-de-2018-10-14-11-11-49-e1539510849837.png","articleSection":["BLOG","PROYECTOS"],"inLanguage":"en-GB"},{"@type":"WebPage","@id":"https:\/\/economiasbioregionales.org\/curso-gratuito-de-agrocompostaje-profesional-40h\/","url":"https:\/\/economiasbioregionales.org\/curso-gratuito-de-agrocompostaje-profesional-40h\/","name":"CURSO AGROCOMPOSTAJE PROFESIONAL CON IMIDRA (40H) - Econom\u00edas BioRegionales","isPartOf":{"@id":"https:\/\/economiasbioregionales.org\/#website"},"primaryImageOfPage":{"@id":"https:\/\/economiasbioregionales.org\/curso-gratuito-de-agrocompostaje-profesional-40h\/#primaryimage"},"image":{"@id":"https:\/\/economiasbioregionales.org\/curso-gratuito-de-agrocompostaje-profesional-40h\/#primaryimage"},"thumbnailUrl":"https:\/\/economiasbioregionales.org\/wp-content\/uploads\/2018\/10\/Captura-de-pantalla-de-2018-10-14-11-11-49-e1539510849837.png","datePublished":"2018-09-11T12:01:01+00:00","dateModified":"2018-10-14T09:57:21+00:00","description":"Se trata de una formaci\u00f3n de introducci\u00f3n te\u00f3rico pr\u00e1ctica al agrocompostaje profesional, entendido como el tratamiento de la fracci\u00f3n org\u00e1nica de los residuos agr\u00edcolas y ganaderos junto a los municipales. El agrocompostaje se plantea como una oportunidad de diversificaci\u00f3n de rentas, de reducci\u00f3n de costes de fertilizaci\u00f3n, y de eficiencia y transici\u00f3n ecol\u00f3gica.","breadcrumb":{"@id":"https:\/\/economiasbioregionales.org\/curso-gratuito-de-agrocompostaje-profesional-40h\/#breadcrumb"},"inLanguage":"en-GB","potentialAction":[{"@type":"ReadAction","target":["https:\/\/economiasbioregionales.org\/curso-gratuito-de-agrocompostaje-profesional-40h\/"]}]},{"@type":"ImageObject","inLanguage":"en-GB","@id":"https:\/\/economiasbioregionales.org\/curso-gratuito-de-agrocompostaje-profesional-40h\/#primaryimage","url":"https:\/\/economiasbioregionales.org\/wp-content\/uploads\/2018\/10\/Captura-de-pantalla-de-2018-10-14-11-11-49-e1539510849837.png","contentUrl":"https:\/\/economiasbioregionales.org\/wp-content\/uploads\/2018\/10\/Captura-de-pantalla-de-2018-10-14-11-11-49-e1539510849837.png","width":1366,"height":747},{"@type":"BreadcrumbList","@id":"https:\/\/economiasbioregionales.org\/curso-gratuito-de-agrocompostaje-profesional-40h\/#breadcrumb","itemListElement":[{"@type":"ListItem","position":1,"name":"EBR","item":"https:\/\/economiasbioregionales.org\/"},{"@type":"ListItem","position":2,"name":"BLOG","item":"https:\/\/economiasbioregionales.org\/category\/blog\/"},{"@type":"ListItem","position":3,"name":"CURSO AGROCOMPOSTAJE PROFESIONAL CON IMIDRA (40H)"}]},{"@type":"WebSite","@id":"https:\/\/economiasbioregionales.org\/#website","url":"https:\/\/economiasbioregionales.org\/","name":"Econom\u00edas BioRegionales","description":"Econom\u00eda circular, sistemas alimentarios locales, monedas sociales, comunicaci\u00f3n y comunidad","publisher":{"@id":"https:\/\/economiasbioregionales.org\/#organization"},"potentialAction":[{"@type":"SearchAction","target":{"@type":"EntryPoint","urlTemplate":"https:\/\/economiasbioregionales.org\/?s={search_term_string}"},"query-input":{"@type":"PropertyValueSpecification","valueRequired":true,"valueName":"search_term_string"}}],"inLanguage":"en-GB"},{"@type":"Organization","@id":"https:\/\/economiasbioregionales.org\/#organization","name":"Econom\u00edas BioRegionales","url":"https:\/\/economiasbioregionales.org\/","logo":{"@type":"ImageObject","inLanguage":"en-GB","@id":"https:\/\/economiasbioregionales.org\/#\/schema\/logo\/image\/","url":"https:\/\/economiasbioregionales.org\/wp-content\/uploads\/2017\/11\/eBR_cabecera-e1515058375551.png","contentUrl":"https:\/\/economiasbioregionales.org\/wp-content\/uploads\/2017\/11\/eBR_cabecera-e1515058375551.png","width":361,"height":168,"caption":"Econom\u00edas BioRegionales"},"image":{"@id":"https:\/\/economiasbioregionales.org\/#\/schema\/logo\/image\/"},"sameAs":["https:\/\/www.facebook.com\/EconomiasBioRegionales\/","https:\/\/x.com\/E_BioReg","https:\/\/www.linkedin.com\/company\/economiaseioregionales\/"]},{"@type":"Person","@id":"https:\/\/economiasbioregionales.org\/#\/schema\/person\/e69d2d9cd485096b833832c9eb2bb644","name":"bioregional","image":{"@type":"ImageObject","inLanguage":"en-GB","@id":"https:\/\/economiasbioregionales.org\/#\/schema\/person\/image\/","url":"https:\/\/secure.gravatar.com\/avatar\/136ab64408f4a0f270ea1527258b6cf9?s=96&d=mm&r=g","contentUrl":"https:\/\/secure.gravatar.com\/avatar\/136ab64408f4a0f270ea1527258b6cf9?s=96&d=mm&r=g","caption":"bioregional"},"url":"https:\/\/economiasbioregionales.org\/en\/author\/monicacuende_q416k1w8\/"}]}},"_links":{"self":[{"href":"https:\/\/economiasbioregionales.org\/en\/wp-json\/wp\/v2\/posts\/512","targetHints":{"allow":["GET"]}}],"collection":[{"href":"https:\/\/economiasbioregionales.org\/en\/wp-json\/wp\/v2\/posts"}],"about":[{"href":"https:\/\/economiasbioregionales.org\/en\/wp-json\/wp\/v2\/types\/post"}],"author":[{"embeddable":true,"href":"https:\/\/economiasbioregionales.org\/en\/wp-json\/wp\/v2\/users\/2"}],"replies":[{"embeddable":true,"href":"https:\/\/economiasbioregionales.org\/en\/wp-json\/wp\/v2\/comments?post=512"}],"version-history":[{"count":9,"href":"https:\/\/economiasbioregionales.org\/en\/wp-json\/wp\/v2\/posts\/512\/revisions"}],"predecessor-version":[{"id":541,"href":"https:\/\/economiasbioregionales.org\/en\/wp-json\/wp\/v2\/posts\/512\/revisions\/541"}],"wp:featuredmedia":[{"embeddable":true,"href":"https:\/\/economiasbioregionales.org\/en\/wp-json\/wp\/v2\/media\/598"}],"wp:attachment":[{"href":"https:\/\/economiasbioregionales.org\/en\/wp-json\/wp\/v2\/media?parent=512"}],"wp:term":[{"taxonomy":"category","embeddable":true,"href":"https:\/\/economiasbioregionales.org\/en\/wp-json\/wp\/v2\/categories?post=512"},{"taxonomy":"post_tag","embeddable":true,"href":"https:\/\/economiasbioregionales.org\/en\/wp-json\/wp\/v2\/tags?post=512"}],"curies":[{"name":"wp","href":"https:\/\/api.w.org\/{rel}","templated":true}]}}