{"id":417,"date":"2018-07-05T13:43:26","date_gmt":"2018-07-05T11:43:26","guid":{"rendered":"https:\/\/economiasbioregionales.org\/?p=417"},"modified":"2018-10-15T09:00:57","modified_gmt":"2018-10-15T07:00:57","slug":"grupo-operativo-estatal-agrocomposta","status":"publish","type":"post","link":"https:\/\/economiasbioregionales.org\/en\/grupo-operativo-estatal-agrocomposta\/","title":{"rendered":"JORNADA DEL GRUPO OPERATIVO ESTATAL DE AGROCOMPOSTAJE"},"content":{"rendered":"<h5>El mi\u00e9rcoles 4 de julio se realiz\u00f3 en la localidad de Azuqueca de Henares (Guadalajara-Castilla La Mancha) una jornada de presentaci\u00f3n del Grupo Operativo Estatal de Agrocompostaje que, en el marco de la medida de cooperaci\u00f3n de EIP-AGRI de la Comisi\u00f3n Europea, plantea buscar soluciones a retos de los agricultores.<\/h5>\n<p><a href=\"https:\/\/economiasbioregionales.org\/wp-content\/uploads\/2018\/07\/JORNDA-GO-ESTATAL-AGROCOMPOSTA.jpg\"><img loading=\"lazy\" decoding=\"async\" class=\"aligncenter wp-image-422 size-full\" src=\"https:\/\/economiasbioregionales.org\/wp-content\/uploads\/2018\/07\/JORNDA-GO-ESTATAL-AGROCOMPOSTA.jpg\" alt=\"\" width=\"1200\" height=\"811\" srcset=\"https:\/\/economiasbioregionales.org\/wp-content\/uploads\/2018\/07\/JORNDA-GO-ESTATAL-AGROCOMPOSTA.jpg 1200w, https:\/\/economiasbioregionales.org\/wp-content\/uploads\/2018\/07\/JORNDA-GO-ESTATAL-AGROCOMPOSTA-300x203.jpg 300w, https:\/\/economiasbioregionales.org\/wp-content\/uploads\/2018\/07\/JORNDA-GO-ESTATAL-AGROCOMPOSTA-768x519.jpg 768w, https:\/\/economiasbioregionales.org\/wp-content\/uploads\/2018\/07\/JORNDA-GO-ESTATAL-AGROCOMPOSTA-1024x692.jpg 1024w\" sizes=\"(max-width: 1200px) 100vw, 1200px\" \/><\/a><br \/>\n<strong>El Grupo Operativo de agrocompostaje estatal que implica bajo la coordinaci\u00f3n de la Sociedad Espa\u00f1ola de Agricultura Ecol\u00f3gica (SEAE) a socios de cinco comunidades aut\u00f3nomas (Canarias, Euskadi, Castilla La Mancha, Galicia y Comunidad Valenciana)<\/strong>, busca una<strong> gesti\u00f3n descentralizada de los residuos org\u00e1nicos de origen municipal<\/strong>, y que \u00e9ste tratamiento <strong>permita al agricultor o ganadero ecol\u00f3gico obtener una renta complementaria (en el entorno de 50\u20ac\/T) y producir su propio compost para fertilizar la tierra<\/strong> (cultivos, prados, etc).<\/p>\n<p><a href=\"https:\/\/economiasbioregionales.org\/wp-content\/uploads\/2018\/07\/Conferencia-Agrocompostaje_43.jpg\"><img loading=\"lazy\" decoding=\"async\" class=\"aligncenter wp-image-455 size-full\" src=\"https:\/\/economiasbioregionales.org\/wp-content\/uploads\/2018\/07\/Conferencia-Agrocompostaje_43.jpg\" alt=\"\" width=\"2595\" height=\"1950\" srcset=\"https:\/\/economiasbioregionales.org\/wp-content\/uploads\/2018\/07\/Conferencia-Agrocompostaje_43.jpg 2595w, https:\/\/economiasbioregionales.org\/wp-content\/uploads\/2018\/07\/Conferencia-Agrocompostaje_43-300x225.jpg 300w, https:\/\/economiasbioregionales.org\/wp-content\/uploads\/2018\/07\/Conferencia-Agrocompostaje_43-768x577.jpg 768w, https:\/\/economiasbioregionales.org\/wp-content\/uploads\/2018\/07\/Conferencia-Agrocompostaje_43-1024x769.jpg 1024w, https:\/\/economiasbioregionales.org\/wp-content\/uploads\/2018\/07\/Conferencia-Agrocompostaje_43-640x481.jpg 640w\" sizes=\"(max-width: 2595px) 100vw, 2595px\" \/><\/a><\/p>\n<p>En esta jornada los socios presentaron sus experiencias y posiciones respecto a la gesti\u00f3n de los residuos org\u00e1nicos que son las siguientes:<\/p>\n<p>&gt; La <strong>Mancomunidad de Residuos de la Vega de Henares<\/strong>, present\u00f3 la experiencia de<strong> recogida y tratamiento en 9 colegios de primaria, que desde mayo de 2017 est\u00e1 realizando con la empresa de inserci\u00f3n AFAUS encargada de la recogida y varios agricultores que participan en el tratamiento y compostaje<\/strong>.<\/p>\n<p>&gt; El socio gallego <strong>CALFENSA<\/strong>, su experiencia se centra en <strong>asesorar a agricultores y en gestionar los residuos de poda y de jardiner\u00eda del municipio de Lugo.<\/strong><\/p>\n<p>&gt; <strong>Gurpide elkartea<\/strong> del municipio vizca\u00edno de Larrabetzu -, la asociaci\u00f3n de productores y consumidores -, su experiencia consiste en realizar <strong>desde hace m\u00e1s de 5 a\u00f1os una recogida selectiva de la fracci\u00f3n org\u00e1nica de los residuos municipales que ya implica a m\u00e1s del 60% del municipio, y que realizan y tratan en sus huertas varios propios hortelanos de la localidad.<\/strong><\/p>\n<p>&gt; El Grupo de desarrollo <strong>ADER La Palma trata cerca de 1000 t de residuos de plataneras y pl\u00e1tanos de destr\u00edo, desde hace ya tres a\u00f1os.<\/strong><\/p>\n<p><strong>&gt; La Uni\u00f3 de Llauradors del Pa\u00eds Valenciano por su parte cuenta con varios socios que realizan compostaje de los restos de sus fincas.<\/strong><\/p>\n<p><a href=\"https:\/\/economiasbioregionales.org\/wp-content\/uploads\/2018\/07\/Cartel-Jornadas-Agrocompostaje-Azuqueca-4-jul-18.jpg\"><img loading=\"lazy\" decoding=\"async\" class=\"aligncenter wp-image-613 size-large\" src=\"https:\/\/economiasbioregionales.org\/wp-content\/uploads\/2018\/07\/Cartel-Jornadas-Agrocompostaje-Azuqueca-4-jul-18-724x1024.jpg\" alt=\"\" width=\"724\" height=\"1024\" srcset=\"https:\/\/economiasbioregionales.org\/wp-content\/uploads\/2018\/07\/Cartel-Jornadas-Agrocompostaje-Azuqueca-4-jul-18-724x1024.jpg 724w, https:\/\/economiasbioregionales.org\/wp-content\/uploads\/2018\/07\/Cartel-Jornadas-Agrocompostaje-Azuqueca-4-jul-18-212x300.jpg 212w, https:\/\/economiasbioregionales.org\/wp-content\/uploads\/2018\/07\/Cartel-Jornadas-Agrocompostaje-Azuqueca-4-jul-18-768x1086.jpg 768w, https:\/\/economiasbioregionales.org\/wp-content\/uploads\/2018\/07\/Cartel-Jornadas-Agrocompostaje-Azuqueca-4-jul-18-640x905.jpg 640w, https:\/\/economiasbioregionales.org\/wp-content\/uploads\/2018\/07\/Cartel-Jornadas-Agrocompostaje-Azuqueca-4-jul-18.jpg 1169w\" sizes=\"(max-width: 724px) 100vw, 724px\" \/><\/a><\/p>\n<p>En todos los casos el objetivo com\u00fan del proyecto es incorporar a estas experiencias de compostaje de diferente procedencias, los residuos urbanos, que permiten tanto mejorar la calidad del compost final c\u00f3mo fertilizar la tierra y aumentar la proporci\u00f3n de carbono en suelos, fijar carbono aumentando la fertilidad de la tierra, y reducir las emisiones de Gases de Efecto Invernadero (GEI).<\/p>\n<p><a href=\"https:\/\/economiasbioregionales.org\/wp-content\/uploads\/2018\/07\/Conferencia-Agrocompostaje_9.jpg\"><img loading=\"lazy\" decoding=\"async\" class=\"aligncenter wp-image-452 size-full\" src=\"https:\/\/economiasbioregionales.org\/wp-content\/uploads\/2018\/07\/Conferencia-Agrocompostaje_9.jpg\" alt=\"\" width=\"2832\" height=\"1967\" srcset=\"https:\/\/economiasbioregionales.org\/wp-content\/uploads\/2018\/07\/Conferencia-Agrocompostaje_9.jpg 2832w, https:\/\/economiasbioregionales.org\/wp-content\/uploads\/2018\/07\/Conferencia-Agrocompostaje_9-300x208.jpg 300w, https:\/\/economiasbioregionales.org\/wp-content\/uploads\/2018\/07\/Conferencia-Agrocompostaje_9-768x533.jpg 768w, https:\/\/economiasbioregionales.org\/wp-content\/uploads\/2018\/07\/Conferencia-Agrocompostaje_9-1024x711.jpg 1024w, https:\/\/economiasbioregionales.org\/wp-content\/uploads\/2018\/07\/Conferencia-Agrocompostaje_9-640x445.jpg 640w\" sizes=\"(max-width: 2832px) 100vw, 2832px\" \/><\/a><\/p>\n<p>El mismo d\u00eda por la tarde se dedic\u00f3 a repasar las actividades que tiene previsto realizar de modo coordinado los socios de este Grupo Operativo #Agrocomposta que fundamentalmente se centran en difundir un cuestionario para explicar e identificar la oportunidad y el inter\u00e9s del agrocompostaje entre municipios y mancomunidades, y agricultores y ganaderos, con el objetivo de definir los lugares en los que realizar posteriormente las experiencias piloto; explicar los objetivos y ventajas de este sistema de tratamiento a agricultores y ganaderos de todas las comunidades aut\u00f3nomas participantes, as\u00ed como analizar una serie de escenarios de alcance del agrocompostaje en las diferentes provincias y CCAA, y realizar una serie de microv\u00eddeos para difundir en redes sociales las ventajas y oportunidades de esta modalidad de gestionar residuos y producir abono y rentas para los agricultores.<\/p>\n<p>La asociaci\u00f3n Econom\u00edas BioRegionales participa como agente de innovaci\u00f3n e impulsor de la comunicaci\u00f3n, en coordinaci\u00f3n con la asociaci\u00f3n SEAE Agroecolog\u00eda.<\/p>\n<p>&nbsp;<\/p>\n<div style=\"text-align: center;\"><iframe loading=\"lazy\" src=\"https:\/\/www.youtube.com\/embed\/_OfUk_XkMKc?rel=0&amp;controls=0\" width=\"854\" height=\"480\" frameborder=\"0\" allowfullscreen=\"allowfullscreen\"><\/iframe><\/div>","protected":false},"excerpt":{"rendered":"<p>El mi\u00e9rcoles 4 de julio se realiz\u00f3 en la localidad de Azuqueca de Henares (Guadalajara-Castilla La Mancha) una jornada de presentaci\u00f3n del Grupo Operativo Estatal de Agrocompostaje que, en el marco de la medida de cooperaci\u00f3n de EIP-AGRI de la Comisi\u00f3n Europea, plantea buscar soluciones a retos de los agricultores. El Grupo Operativo de agrocompostaje [&hellip;]<\/p>","protected":false},"author":2,"featured_media":454,"comment_status":"closed","ping_status":"open","sticky":false,"template":"","format":"standard","meta":{"_et_pb_use_builder":"","_et_pb_old_content":"","_et_gb_content_width":"","footnotes":""},"categories":[9],"tags":[],"class_list":["post-417","post","type-post","status-publish","format-standard","has-post-thumbnail","hentry","category-proyectos"],"yoast_head":"<!-- This site is optimized with the Yoast SEO plugin v24.5 - https:\/\/yoast.com\/wordpress\/plugins\/seo\/ -->\n<title>JORNADA DEL GRUPO OPERATIVO ESTATAL DE AGROCOMPOSTAJE - Econom\u00edas BioRegionales<\/title>\n<meta name=\"description\" content=\"Mi\u00e9rcoles 4 de abril de 2018 se realiz\u00f3 en Azuqueca de Henares una jornada de presentaci\u00f3n del Grupo Operativo Estatal de Agrocompostaje que plantea buscar soluciones a retos de los agricultores.\" \/>\n<meta name=\"robots\" content=\"index, follow, max-snippet:-1, max-image-preview:large, max-video-preview:-1\" \/>\n<link rel=\"canonical\" href=\"https:\/\/economiasbioregionales.org\/en\/grupo-operativo-estatal-agrocomposta\/\" \/>\n<meta property=\"og:locale\" content=\"en_GB\" \/>\n<meta property=\"og:type\" content=\"article\" \/>\n<meta property=\"og:title\" content=\"GRUPO OPERATIVO ESTATAL #AGROCOMPOSTA\" \/>\n<meta property=\"og:description\" content=\"El pasado mi\u00e9rcoles 4 de abril se realiz\u00f3 en la localidad de Azuqueca de Henares (Guadalajara-Castilla La Mancha) una jornada de presentaci\u00f3n del Grupo Operativo estatal de Agrocompostaje que, en el marco de la medida de cooperaci\u00f3n de EIP-AGRI de la Comisi\u00f3n Europea, plantea buscar soluciones a retos de los agricultores.\" \/>\n<meta property=\"og:url\" content=\"https:\/\/economiasbioregionales.org\/en\/grupo-operativo-estatal-agrocomposta\/\" \/>\n<meta property=\"og:site_name\" content=\"Econom\u00edas BioRegionales\" \/>\n<meta property=\"article:publisher\" content=\"https:\/\/www.facebook.com\/EconomiasBioRegionales\/\" \/>\n<meta property=\"article:published_time\" content=\"2018-07-05T11:43:26+00:00\" \/>\n<meta property=\"article:modified_time\" content=\"2018-10-15T07:00:57+00:00\" \/>\n<meta property=\"og:image\" content=\"https:\/\/economiasbioregionales.org\/wp-content\/uploads\/2018\/07\/Conferencia-Agrocompostaje_4.jpg\" \/>\n<meta name=\"author\" content=\"bioregional\" \/>\n<meta name=\"twitter:card\" content=\"summary_large_image\" \/>\n<meta name=\"twitter:creator\" content=\"@E_BioReg\" \/>\n<meta name=\"twitter:site\" content=\"@E_BioReg\" \/>\n<meta name=\"twitter:label1\" content=\"Written by\" \/>\n\t<meta name=\"twitter:data1\" content=\"bioregional\" \/>\n\t<meta name=\"twitter:label2\" content=\"Estimated reading time\" \/>\n\t<meta name=\"twitter:data2\" content=\"3 minutes\" \/>\n<script type=\"application\/ld+json\" class=\"yoast-schema-graph\">{\"@context\":\"https:\/\/schema.org\",\"@graph\":[{\"@type\":\"Article\",\"@id\":\"https:\/\/economiasbioregionales.org\/grupo-operativo-estatal-agrocomposta\/#article\",\"isPartOf\":{\"@id\":\"https:\/\/economiasbioregionales.org\/grupo-operativo-estatal-agrocomposta\/\"},\"author\":{\"name\":\"bioregional\",\"@id\":\"https:\/\/economiasbioregionales.org\/#\/schema\/person\/e69d2d9cd485096b833832c9eb2bb644\"},\"headline\":\"JORNADA DEL GRUPO OPERATIVO ESTATAL DE AGROCOMPOSTAJE\",\"datePublished\":\"2018-07-05T11:43:26+00:00\",\"dateModified\":\"2018-10-15T07:00:57+00:00\",\"mainEntityOfPage\":{\"@id\":\"https:\/\/economiasbioregionales.org\/grupo-operativo-estatal-agrocomposta\/\"},\"wordCount\":593,\"publisher\":{\"@id\":\"https:\/\/economiasbioregionales.org\/#organization\"},\"image\":{\"@id\":\"https:\/\/economiasbioregionales.org\/grupo-operativo-estatal-agrocomposta\/#primaryimage\"},\"thumbnailUrl\":\"https:\/\/economiasbioregionales.org\/wp-content\/uploads\/2018\/07\/Conferencia-Agrocompostaje_4.jpg\",\"articleSection\":[\"PROYECTOS\"],\"inLanguage\":\"en-GB\"},{\"@type\":\"WebPage\",\"@id\":\"https:\/\/economiasbioregionales.org\/grupo-operativo-estatal-agrocomposta\/\",\"url\":\"https:\/\/economiasbioregionales.org\/grupo-operativo-estatal-agrocomposta\/\",\"name\":\"JORNADA DEL GRUPO OPERATIVO ESTATAL DE AGROCOMPOSTAJE - Econom\u00edas BioRegionales\",\"isPartOf\":{\"@id\":\"https:\/\/economiasbioregionales.org\/#website\"},\"primaryImageOfPage\":{\"@id\":\"https:\/\/economiasbioregionales.org\/grupo-operativo-estatal-agrocomposta\/#primaryimage\"},\"image\":{\"@id\":\"https:\/\/economiasbioregionales.org\/grupo-operativo-estatal-agrocomposta\/#primaryimage\"},\"thumbnailUrl\":\"https:\/\/economiasbioregionales.org\/wp-content\/uploads\/2018\/07\/Conferencia-Agrocompostaje_4.jpg\",\"datePublished\":\"2018-07-05T11:43:26+00:00\",\"dateModified\":\"2018-10-15T07:00:57+00:00\",\"description\":\"Mi\u00e9rcoles 4 de abril de 2018 se realiz\u00f3 en Azuqueca de Henares una jornada de presentaci\u00f3n del Grupo Operativo Estatal de Agrocompostaje que plantea buscar soluciones a retos de los agricultores.\",\"breadcrumb\":{\"@id\":\"https:\/\/economiasbioregionales.org\/grupo-operativo-estatal-agrocomposta\/#breadcrumb\"},\"inLanguage\":\"en-GB\",\"potentialAction\":[{\"@type\":\"ReadAction\",\"target\":[\"https:\/\/economiasbioregionales.org\/grupo-operativo-estatal-agrocomposta\/\"]}]},{\"@type\":\"ImageObject\",\"inLanguage\":\"en-GB\",\"@id\":\"https:\/\/economiasbioregionales.org\/grupo-operativo-estatal-agrocomposta\/#primaryimage\",\"url\":\"https:\/\/economiasbioregionales.org\/wp-content\/uploads\/2018\/07\/Conferencia-Agrocompostaje_4.jpg\",\"contentUrl\":\"https:\/\/economiasbioregionales.org\/wp-content\/uploads\/2018\/07\/Conferencia-Agrocompostaje_4.jpg\",\"width\":2767,\"height\":1889},{\"@type\":\"BreadcrumbList\",\"@id\":\"https:\/\/economiasbioregionales.org\/grupo-operativo-estatal-agrocomposta\/#breadcrumb\",\"itemListElement\":[{\"@type\":\"ListItem\",\"position\":1,\"name\":\"EBR\",\"item\":\"https:\/\/economiasbioregionales.org\/\"},{\"@type\":\"ListItem\",\"position\":2,\"name\":\"PROYECTOS\",\"item\":\"https:\/\/economiasbioregionales.org\/category\/proyectos\/\"},{\"@type\":\"ListItem\",\"position\":3,\"name\":\"JORNADA DEL GRUPO OPERATIVO ESTATAL DE AGROCOMPOSTAJE\"}]},{\"@type\":\"WebSite\",\"@id\":\"https:\/\/economiasbioregionales.org\/#website\",\"url\":\"https:\/\/economiasbioregionales.org\/\",\"name\":\"Econom\u00edas BioRegionales\",\"description\":\"Econom\u00eda circular, sistemas alimentarios locales, monedas sociales, comunicaci\u00f3n y comunidad\",\"publisher\":{\"@id\":\"https:\/\/economiasbioregionales.org\/#organization\"},\"potentialAction\":[{\"@type\":\"SearchAction\",\"target\":{\"@type\":\"EntryPoint\",\"urlTemplate\":\"https:\/\/economiasbioregionales.org\/?s={search_term_string}\"},\"query-input\":{\"@type\":\"PropertyValueSpecification\",\"valueRequired\":true,\"valueName\":\"search_term_string\"}}],\"inLanguage\":\"en-GB\"},{\"@type\":\"Organization\",\"@id\":\"https:\/\/economiasbioregionales.org\/#organization\",\"name\":\"Econom\u00edas BioRegionales\",\"url\":\"https:\/\/economiasbioregionales.org\/\",\"logo\":{\"@type\":\"ImageObject\",\"inLanguage\":\"en-GB\",\"@id\":\"https:\/\/economiasbioregionales.org\/#\/schema\/logo\/image\/\",\"url\":\"https:\/\/economiasbioregionales.org\/wp-content\/uploads\/2017\/11\/eBR_cabecera-e1515058375551.png\",\"contentUrl\":\"https:\/\/economiasbioregionales.org\/wp-content\/uploads\/2017\/11\/eBR_cabecera-e1515058375551.png\",\"width\":361,\"height\":168,\"caption\":\"Econom\u00edas BioRegionales\"},\"image\":{\"@id\":\"https:\/\/economiasbioregionales.org\/#\/schema\/logo\/image\/\"},\"sameAs\":[\"https:\/\/www.facebook.com\/EconomiasBioRegionales\/\",\"https:\/\/x.com\/E_BioReg\",\"https:\/\/www.linkedin.com\/company\/economiaseioregionales\/\"]},{\"@type\":\"Person\",\"@id\":\"https:\/\/economiasbioregionales.org\/#\/schema\/person\/e69d2d9cd485096b833832c9eb2bb644\",\"name\":\"bioregional\",\"image\":{\"@type\":\"ImageObject\",\"inLanguage\":\"en-GB\",\"@id\":\"https:\/\/economiasbioregionales.org\/#\/schema\/person\/image\/\",\"url\":\"https:\/\/secure.gravatar.com\/avatar\/136ab64408f4a0f270ea1527258b6cf9?s=96&d=mm&r=g\",\"contentUrl\":\"https:\/\/secure.gravatar.com\/avatar\/136ab64408f4a0f270ea1527258b6cf9?s=96&d=mm&r=g\",\"caption\":\"bioregional\"},\"url\":\"https:\/\/economiasbioregionales.org\/en\/author\/monicacuende_q416k1w8\/\"}]}<\/script>\n<!-- \/ Yoast SEO plugin. -->","yoast_head_json":{"title":"JORNADA DEL GRUPO OPERATIVO ESTATAL DE AGROCOMPOSTAJE - Econom\u00edas BioRegionales","description":"Mi\u00e9rcoles 4 de abril de 2018 se realiz\u00f3 en Azuqueca de Henares una jornada de presentaci\u00f3n del Grupo Operativo Estatal de Agrocompostaje que plantea buscar soluciones a retos de los agricultores.","robots":{"index":"index","follow":"follow","max-snippet":"max-snippet:-1","max-image-preview":"max-image-preview:large","max-video-preview":"max-video-preview:-1"},"canonical":"https:\/\/economiasbioregionales.org\/en\/grupo-operativo-estatal-agrocomposta\/","og_locale":"en_GB","og_type":"article","og_title":"GRUPO OPERATIVO ESTATAL #AGROCOMPOSTA","og_description":"El pasado mi\u00e9rcoles 4 de abril se realiz\u00f3 en la localidad de Azuqueca de Henares (Guadalajara-Castilla La Mancha) una jornada de presentaci\u00f3n del Grupo Operativo estatal de Agrocompostaje que, en el marco de la medida de cooperaci\u00f3n de EIP-AGRI de la Comisi\u00f3n Europea, plantea buscar soluciones a retos de los agricultores.","og_url":"https:\/\/economiasbioregionales.org\/en\/grupo-operativo-estatal-agrocomposta\/","og_site_name":"Econom\u00edas BioRegionales","article_publisher":"https:\/\/www.facebook.com\/EconomiasBioRegionales\/","article_published_time":"2018-07-05T11:43:26+00:00","article_modified_time":"2018-10-15T07:00:57+00:00","og_image":[{"url":"https:\/\/economiasbioregionales.org\/wp-content\/uploads\/2018\/07\/Conferencia-Agrocompostaje_4.jpg","type":"","width":"","height":""}],"author":"bioregional","twitter_card":"summary_large_image","twitter_creator":"@E_BioReg","twitter_site":"@E_BioReg","twitter_misc":{"Written by":"bioregional","Estimated reading time":"3 minutes"},"schema":{"@context":"https:\/\/schema.org","@graph":[{"@type":"Article","@id":"https:\/\/economiasbioregionales.org\/grupo-operativo-estatal-agrocomposta\/#article","isPartOf":{"@id":"https:\/\/economiasbioregionales.org\/grupo-operativo-estatal-agrocomposta\/"},"author":{"name":"bioregional","@id":"https:\/\/economiasbioregionales.org\/#\/schema\/person\/e69d2d9cd485096b833832c9eb2bb644"},"headline":"JORNADA DEL GRUPO OPERATIVO ESTATAL DE AGROCOMPOSTAJE","datePublished":"2018-07-05T11:43:26+00:00","dateModified":"2018-10-15T07:00:57+00:00","mainEntityOfPage":{"@id":"https:\/\/economiasbioregionales.org\/grupo-operativo-estatal-agrocomposta\/"},"wordCount":593,"publisher":{"@id":"https:\/\/economiasbioregionales.org\/#organization"},"image":{"@id":"https:\/\/economiasbioregionales.org\/grupo-operativo-estatal-agrocomposta\/#primaryimage"},"thumbnailUrl":"https:\/\/economiasbioregionales.org\/wp-content\/uploads\/2018\/07\/Conferencia-Agrocompostaje_4.jpg","articleSection":["PROYECTOS"],"inLanguage":"en-GB"},{"@type":"WebPage","@id":"https:\/\/economiasbioregionales.org\/grupo-operativo-estatal-agrocomposta\/","url":"https:\/\/economiasbioregionales.org\/grupo-operativo-estatal-agrocomposta\/","name":"JORNADA DEL GRUPO OPERATIVO ESTATAL DE AGROCOMPOSTAJE - Econom\u00edas BioRegionales","isPartOf":{"@id":"https:\/\/economiasbioregionales.org\/#website"},"primaryImageOfPage":{"@id":"https:\/\/economiasbioregionales.org\/grupo-operativo-estatal-agrocomposta\/#primaryimage"},"image":{"@id":"https:\/\/economiasbioregionales.org\/grupo-operativo-estatal-agrocomposta\/#primaryimage"},"thumbnailUrl":"https:\/\/economiasbioregionales.org\/wp-content\/uploads\/2018\/07\/Conferencia-Agrocompostaje_4.jpg","datePublished":"2018-07-05T11:43:26+00:00","dateModified":"2018-10-15T07:00:57+00:00","description":"Mi\u00e9rcoles 4 de abril de 2018 se realiz\u00f3 en Azuqueca de Henares una jornada de presentaci\u00f3n del Grupo Operativo Estatal de Agrocompostaje que plantea buscar soluciones a retos de los agricultores.","breadcrumb":{"@id":"https:\/\/economiasbioregionales.org\/grupo-operativo-estatal-agrocomposta\/#breadcrumb"},"inLanguage":"en-GB","potentialAction":[{"@type":"ReadAction","target":["https:\/\/economiasbioregionales.org\/grupo-operativo-estatal-agrocomposta\/"]}]},{"@type":"ImageObject","inLanguage":"en-GB","@id":"https:\/\/economiasbioregionales.org\/grupo-operativo-estatal-agrocomposta\/#primaryimage","url":"https:\/\/economiasbioregionales.org\/wp-content\/uploads\/2018\/07\/Conferencia-Agrocompostaje_4.jpg","contentUrl":"https:\/\/economiasbioregionales.org\/wp-content\/uploads\/2018\/07\/Conferencia-Agrocompostaje_4.jpg","width":2767,"height":1889},{"@type":"BreadcrumbList","@id":"https:\/\/economiasbioregionales.org\/grupo-operativo-estatal-agrocomposta\/#breadcrumb","itemListElement":[{"@type":"ListItem","position":1,"name":"EBR","item":"https:\/\/economiasbioregionales.org\/"},{"@type":"ListItem","position":2,"name":"PROYECTOS","item":"https:\/\/economiasbioregionales.org\/category\/proyectos\/"},{"@type":"ListItem","position":3,"name":"JORNADA DEL GRUPO OPERATIVO ESTATAL DE AGROCOMPOSTAJE"}]},{"@type":"WebSite","@id":"https:\/\/economiasbioregionales.org\/#website","url":"https:\/\/economiasbioregionales.org\/","name":"Econom\u00edas BioRegionales","description":"Econom\u00eda circular, sistemas alimentarios locales, monedas sociales, comunicaci\u00f3n y comunidad","publisher":{"@id":"https:\/\/economiasbioregionales.org\/#organization"},"potentialAction":[{"@type":"SearchAction","target":{"@type":"EntryPoint","urlTemplate":"https:\/\/economiasbioregionales.org\/?s={search_term_string}"},"query-input":{"@type":"PropertyValueSpecification","valueRequired":true,"valueName":"search_term_string"}}],"inLanguage":"en-GB"},{"@type":"Organization","@id":"https:\/\/economiasbioregionales.org\/#organization","name":"Econom\u00edas BioRegionales","url":"https:\/\/economiasbioregionales.org\/","logo":{"@type":"ImageObject","inLanguage":"en-GB","@id":"https:\/\/economiasbioregionales.org\/#\/schema\/logo\/image\/","url":"https:\/\/economiasbioregionales.org\/wp-content\/uploads\/2017\/11\/eBR_cabecera-e1515058375551.png","contentUrl":"https:\/\/economiasbioregionales.org\/wp-content\/uploads\/2017\/11\/eBR_cabecera-e1515058375551.png","width":361,"height":168,"caption":"Econom\u00edas BioRegionales"},"image":{"@id":"https:\/\/economiasbioregionales.org\/#\/schema\/logo\/image\/"},"sameAs":["https:\/\/www.facebook.com\/EconomiasBioRegionales\/","https:\/\/x.com\/E_BioReg","https:\/\/www.linkedin.com\/company\/economiaseioregionales\/"]},{"@type":"Person","@id":"https:\/\/economiasbioregionales.org\/#\/schema\/person\/e69d2d9cd485096b833832c9eb2bb644","name":"bioregional","image":{"@type":"ImageObject","inLanguage":"en-GB","@id":"https:\/\/economiasbioregionales.org\/#\/schema\/person\/image\/","url":"https:\/\/secure.gravatar.com\/avatar\/136ab64408f4a0f270ea1527258b6cf9?s=96&d=mm&r=g","contentUrl":"https:\/\/secure.gravatar.com\/avatar\/136ab64408f4a0f270ea1527258b6cf9?s=96&d=mm&r=g","caption":"bioregional"},"url":"https:\/\/economiasbioregionales.org\/en\/author\/monicacuende_q416k1w8\/"}]}},"_links":{"self":[{"href":"https:\/\/economiasbioregionales.org\/en\/wp-json\/wp\/v2\/posts\/417","targetHints":{"allow":["GET"]}}],"collection":[{"href":"https:\/\/economiasbioregionales.org\/en\/wp-json\/wp\/v2\/posts"}],"about":[{"href":"https:\/\/economiasbioregionales.org\/en\/wp-json\/wp\/v2\/types\/post"}],"author":[{"embeddable":true,"href":"https:\/\/economiasbioregionales.org\/en\/wp-json\/wp\/v2\/users\/2"}],"replies":[{"embeddable":true,"href":"https:\/\/economiasbioregionales.org\/en\/wp-json\/wp\/v2\/comments?post=417"}],"version-history":[{"count":46,"href":"https:\/\/economiasbioregionales.org\/en\/wp-json\/wp\/v2\/posts\/417\/revisions"}],"predecessor-version":[{"id":629,"href":"https:\/\/economiasbioregionales.org\/en\/wp-json\/wp\/v2\/posts\/417\/revisions\/629"}],"wp:featuredmedia":[{"embeddable":true,"href":"https:\/\/economiasbioregionales.org\/en\/wp-json\/wp\/v2\/media\/454"}],"wp:attachment":[{"href":"https:\/\/economiasbioregionales.org\/en\/wp-json\/wp\/v2\/media?parent=417"}],"wp:term":[{"taxonomy":"category","embeddable":true,"href":"https:\/\/economiasbioregionales.org\/en\/wp-json\/wp\/v2\/categories?post=417"},{"taxonomy":"post_tag","embeddable":true,"href":"https:\/\/economiasbioregionales.org\/en\/wp-json\/wp\/v2\/tags?post=417"}],"curies":[{"name":"wp","href":"https:\/\/api.w.org\/{rel}","templated":true}]}}